{"id":10124,"date":"2023-02-16T14:48:48","date_gmt":"2023-02-16T20:48:48","guid":{"rendered":"https:\/\/conexiontotal.press\/?p=10124"},"modified":"2023-02-16T14:48:48","modified_gmt":"2023-02-16T20:48:48","slug":"arozarena-listo-para-su-debut-con-mexico-en-el-clasico-mundial-de-beisbol","status":"publish","type":"post","link":"https:\/\/conexiontotal.press\/index.php\/2023\/02\/16\/arozarena-listo-para-su-debut-con-mexico-en-el-clasico-mundial-de-beisbol\/","title":{"rendered":"Arozarena, listo para su debut con M\u00e9xico en el Cl\u00e1sico Mundial de beisbol"},"content":{"rendered":"<p>El\u00a0<strong>jardinero de los\u00a0Rays de Tampa Bay, Randy Arozarena, expres\u00f3 su emoci\u00f3n ante la posibilidad de jugar el pr\u00f3ximo\u00a0Cl\u00e1sico Mundial con un elemento de la Selecci\u00f3n Mexicana.<\/strong><\/p>\n<div class=\"node-content\">\n<div id=\"node-article-body\" class=\"node-body\">\n<p><strong>Arozarena naci\u00f3 en Pinar del R\u00edo, Cuba, pero en 2016 decidi\u00f3 dejar su pa\u00eds en una balsa para llegar a Canc\u00fan y posteriormente trasladarse a M\u00e9rida, en donde sigui\u00f3 con su carrera de beisbol.<\/strong><\/p>\n<p>Luego de jugar con\u00a0<strong>Toros de Tijuana<\/strong>\u00a0y\u00a0<strong>Mayos de Navojoa<\/strong>\u00a0fue firmado por los\u00a0<strong>Cardenales de San Luis<\/strong>, equipo con el que debut\u00f3 en las\u00a0<strong>Grandes Ligas<\/strong>\u00a0en 2019.<\/p>\n<p>Un a\u00f1o despu\u00e9s lleg\u00f3 a los\u00a0<strong>Rays de Tampa Bay<\/strong>, en donde ha vivido sus mejores momentos, incluyendo jugar la Serie Mundial de 2020 y ganar el premio como\u00a0<strong>Novato del A\u00f1o en 2021<\/strong>.<\/p>\n<blockquote><p>A punto de cumplir un nuevo sue\u00f1o, una nueva meta de la mano de Dios y con el apoyo de mi familia y mucha gente que me quiere\u201d, expres\u00f3 Arozarena en sus redes sociales.<\/p><\/blockquote>\n<p>El\u00a0<strong>jardinero de 27 a\u00f1os expres\u00f3 desde el primer momento su deseo de jugar el Cl\u00e1sico Mundial de 2023<\/strong>\u00a0con el equipo de tricolor.<\/p>\n<p>En abril del a\u00f1o pasado obtuvo su carta de naturalizaci\u00f3n y desde ese momento se declar\u00f3 ser un representante en las\u00a0<strong>Grandes Ligas<\/strong>.<\/p>\n<blockquote><p>Jugar un Cl\u00e1sico Mundial y representar a un pa\u00eds que me ha dado tanto es una gran bendici\u00f3n, mucho \u00e9xito a todos mis colegas que jugar\u00e1n este cl\u00e1sico en sus selecciones, que sea un buen torneo para todos\u201d, escribi\u00f3 el pelotero luego de que se dieron a conocer los rosters de los equipos.<\/p><\/blockquote>\n<p><strong>El jugador de los Rays es sin duda uno de los jugadores a seguir en la Selecci\u00f3n Mexicana<\/strong>, por su poder con el madero y la velocidad en las bases.<\/p>\n<p>En su carrera en la\u00a0<strong>Gran Carpa batea para .269 con 48 cuadrangulares y 171 carreras empujadas<\/strong>.<\/p>\n<p>Adem\u00e1s, suma 58 robos de base y 72 carreras anotadas.<\/p>\n<p>En 2022 tuvo su mejor temporada al batear .263 con 20 cuadrangulares y 89 carreras producidas. Peg\u00f3 un total de 154 jonrones, de los cuales 64 fueron de extrabase.<\/p>\n<\/div>\n<\/div>\n","protected":false},"excerpt":{"rendered":"<p>El\u00a0jardinero de los\u00a0Rays de Tampa Bay, Randy Arozarena, expres\u00f3 su emoci\u00f3n ante la posibilidad de jugar el pr\u00f3ximo\u00a0Cl\u00e1sico Mundial con un elemento de la Selecci\u00f3n Mexicana. Arozarena naci\u00f3 en Pinar del R\u00edo, Cuba, pero en 2016 decidi\u00f3 dejar su pa\u00eds en una balsa para llegar a Canc\u00fan y posteriormente trasladarse a M\u00e9rida, en donde sigui\u00f3 [&hellip;]<\/p>\n","protected":false},"author":4,"featured_media":10125,"comment_status":"closed","ping_status":"closed","sticky":false,"template":"","format":"standard","meta":{"footnotes":""},"categories":[15],"tags":[],"class_list":["post-10124","post","type-post","status-publish","format-standard","has-post-thumbnail","hentry","category-deportes"],"_links":{"self":[{"href":"https:\/\/conexiontotal.press\/index.php\/wp-json\/wp\/v2\/posts\/10124","targetHints":{"allow":["GET"]}}],"collection":[{"href":"https:\/\/conexiontotal.press\/index.php\/wp-json\/wp\/v2\/posts"}],"about":[{"href":"https:\/\/conexiontotal.press\/index.php\/wp-json\/wp\/v2\/types\/post"}],"author":[{"embeddable":true,"href":"https:\/\/conexiontotal.press\/index.php\/wp-json\/wp\/v2\/users\/4"}],"replies":[{"embeddable":true,"href":"https:\/\/conexiontotal.press\/index.php\/wp-json\/wp\/v2\/comments?post=10124"}],"version-history":[{"count":1,"href":"https:\/\/conexiontotal.press\/index.php\/wp-json\/wp\/v2\/posts\/10124\/revisions"}],"predecessor-version":[{"id":10126,"href":"https:\/\/conexiontotal.press\/index.php\/wp-json\/wp\/v2\/posts\/10124\/revisions\/10126"}],"wp:featuredmedia":[{"embeddable":true,"href":"https:\/\/conexiontotal.press\/index.php\/wp-json\/wp\/v2\/media\/10125"}],"wp:attachment":[{"href":"https:\/\/conexiontotal.press\/index.php\/wp-json\/wp\/v2\/media?parent=10124"}],"wp:term":[{"taxonomy":"category","embeddable":true,"href":"https:\/\/conexiontotal.press\/index.php\/wp-json\/wp\/v2\/categories?post=10124"},{"taxonomy":"post_tag","embeddable":true,"href":"https:\/\/conexiontotal.press\/index.php\/wp-json\/wp\/v2\/tags?post=10124"}],"curies":[{"name":"wp","href":"https:\/\/api.w.org\/{rel}","templated":true}]}}