{"id":10995,"date":"2023-03-22T16:29:03","date_gmt":"2023-03-22T22:29:03","guid":{"rendered":"https:\/\/conexiontotal.press\/?p=10995"},"modified":"2023-03-22T16:29:03","modified_gmt":"2023-03-22T22:29:03","slug":"piden-ayuda-para-victima-de-feminicidio-en-tampico","status":"publish","type":"post","link":"https:\/\/conexiontotal.press\/index.php\/2023\/03\/22\/piden-ayuda-para-victima-de-feminicidio-en-tampico\/","title":{"rendered":"Piden ayuda para v\u00edctima de feminicidio en Tampico"},"content":{"rendered":"<p>TAMPICO, TAM.- El colectivo feminista \u201cMujer Manglar\u201d pide que se esclarezca el feminicidio de Imelda \u201cN\u201d .<\/p>\n<p>La mujer fue encontrada sin vida en un departamento de la calle Esperanza, en la zona centro de Tampico, durante la semana anterior.<\/p>\n<p>El feminicida , acusa un comunicado, habr\u00eda supuestamente modificado la escena del asesinato para simular un suicidio.<\/p>\n<p>Las pruebas periciales detectaron que se trataba de un feminicidio por las huellas de violencia.<\/p>\n<p>\u201cEl feminicida trat\u00f3 de hacer pasar su crimen como suicidio; sin embargo, presentaba huellas de violencia visibles.<\/p>\n<p>Actualmente el proceso de investigaci\u00f3n se encuentra en curso por lo que exigimos JUSTICIA y que las autoridades investiguen con perspectiva de g\u00e9nero y el feminicida reciba la pena m\u00e1xima\u201d se lee en el texto.<\/p>\n<p>La familia de la joven pide la ayuda de la comunidad para solventar los gastos del sepelio.<\/p>\n<p>\u201cAunado al dolor por la p\u00e9rdida irreparable de Imelda, su hermana quien es su \u00fanico apoyo, tiene que solventar los gastos funerarios, para lo cual a\u00fan no puede completar<\/p>\n<p>Nos solidarizamos con ella y convocamos a sumarnos a esta causa y compartirles algunos pesos que sumados, podr\u00e1n hacer realidad el deseo de su familia de darle una despedida digna.<\/p>\n<p>Dejamos los datos bancarios para quienes puedan sumarse a esta causa:<br \/>\n4169 1608 8830 6439<br \/>\nBANCOPPEL<br \/>\nA nombre de:<br \/>\nJuan \u00c1ngel S\u00e1nchez Torres.<\/p>\n<p>Por Jos\u00e9 Luis Rdz.<\/p>\n","protected":false},"excerpt":{"rendered":"<p>TAMPICO, TAM.- El colectivo feminista \u201cMujer Manglar\u201d pide que se esclarezca el feminicidio de Imelda \u201cN\u201d . La mujer fue encontrada sin vida en un departamento de la calle Esperanza, en la zona centro de Tampico, durante la semana anterior. El feminicida , acusa un comunicado, habr\u00eda supuestamente modificado la escena del asesinato para simular [&hellip;]<\/p>\n","protected":false},"author":4,"featured_media":10996,"comment_status":"closed","ping_status":"closed","sticky":false,"template":"","format":"standard","meta":{"footnotes":""},"categories":[4],"tags":[],"class_list":["post-10995","post","type-post","status-publish","format-standard","has-post-thumbnail","hentry","category-tampico"],"_links":{"self":[{"href":"https:\/\/conexiontotal.press\/index.php\/wp-json\/wp\/v2\/posts\/10995","targetHints":{"allow":["GET"]}}],"collection":[{"href":"https:\/\/conexiontotal.press\/index.php\/wp-json\/wp\/v2\/posts"}],"about":[{"href":"https:\/\/conexiontotal.press\/index.php\/wp-json\/wp\/v2\/types\/post"}],"author":[{"embeddable":true,"href":"https:\/\/conexiontotal.press\/index.php\/wp-json\/wp\/v2\/users\/4"}],"replies":[{"embeddable":true,"href":"https:\/\/conexiontotal.press\/index.php\/wp-json\/wp\/v2\/comments?post=10995"}],"version-history":[{"count":1,"href":"https:\/\/conexiontotal.press\/index.php\/wp-json\/wp\/v2\/posts\/10995\/revisions"}],"predecessor-version":[{"id":10997,"href":"https:\/\/conexiontotal.press\/index.php\/wp-json\/wp\/v2\/posts\/10995\/revisions\/10997"}],"wp:featuredmedia":[{"embeddable":true,"href":"https:\/\/conexiontotal.press\/index.php\/wp-json\/wp\/v2\/media\/10996"}],"wp:attachment":[{"href":"https:\/\/conexiontotal.press\/index.php\/wp-json\/wp\/v2\/media?parent=10995"}],"wp:term":[{"taxonomy":"category","embeddable":true,"href":"https:\/\/conexiontotal.press\/index.php\/wp-json\/wp\/v2\/categories?post=10995"},{"taxonomy":"post_tag","embeddable":true,"href":"https:\/\/conexiontotal.press\/index.php\/wp-json\/wp\/v2\/tags?post=10995"}],"curies":[{"name":"wp","href":"https:\/\/api.w.org\/{rel}","templated":true}]}}