{"id":10998,"date":"2023-03-22T16:29:38","date_gmt":"2023-03-22T22:29:38","guid":{"rendered":"https:\/\/conexiontotal.press\/?p=10998"},"modified":"2023-03-22T16:29:38","modified_gmt":"2023-03-22T22:29:38","slug":"frena-hara-encuesta-sobre-verdadera-aprobacion-de-amlo","status":"publish","type":"post","link":"https:\/\/conexiontotal.press\/index.php\/2023\/03\/22\/frena-hara-encuesta-sobre-verdadera-aprobacion-de-amlo\/","title":{"rendered":"FRENA har\u00e1 encuesta sobre verdadera aprobaci\u00f3n de AMLO"},"content":{"rendered":"<p>MADERO, TAM.- Representantes del Frente Nacional Ciudadano realizar\u00e1n una encuesta entre los habitantes del sur de Tamaulipas, para conocer la verdadera aprobaci\u00f3n del presidente, Andr\u00e9s Manuel L\u00f3pez Obrador.<\/p>\n<p>Se\u00f1alaron que el mandatario asegura contar con m\u00e1s del 60 por ciento de aprobaci\u00f3n de los ciudadanos, lo cual resulta poco cre\u00edble.<\/p>\n<p>Florina Salazar Hern\u00e1ndez, coordinadora de FRENA en la zona, dijo que el sondeo se efectuar\u00e1 el domingo 26, de 8 de la ma\u00f1ana a 6 de la tarde en diferentes lugares.<\/p>\n<p>Se instalar\u00e1n m\u00f3dulos en la plaza de armas frente a la catedral, en el parque Metropolitano de la laguna del Carpintero, en la plaza Isauro Alfaro de Ciudad Madero, entre otros.<\/p>\n<p>\u201cEs una encuesta a nivel nacional, va a ser digital, vamos a mandar la liga, cada quien va a poder contestar como crea que est\u00e1 el pa\u00eds, tiene que ser mexicana la persona y mayor de edad\u201d, refiri\u00f3.<\/p>\n<p>Se incluyen preguntas como si aprueba o desaprueba la actuaci\u00f3n del presidente, c\u00f3mo considera el desempe\u00f1o de la econom\u00eda bajo el gobierno de AMLO, entre otros.<\/p>\n<p>\u201cEs una encuesta real porque sabemos que las otras encuestas son pagadas, no sabemos si son reales o son ficticias, vamos a demostrar quien tiene la raz\u00f3n, si es el se\u00f1or AMLO o es la ciudadan\u00eda\u201d, mencion\u00f3.<br \/>\nLa encuesta se har\u00e1 tanto a nivel nacional como internacional.<\/p>\n<p>Por Benigno Sol\u00eds<\/p>\n","protected":false},"excerpt":{"rendered":"<p>MADERO, TAM.- Representantes del Frente Nacional Ciudadano realizar\u00e1n una encuesta entre los habitantes del sur de Tamaulipas, para conocer la verdadera aprobaci\u00f3n del presidente, Andr\u00e9s Manuel L\u00f3pez Obrador. Se\u00f1alaron que el mandatario asegura contar con m\u00e1s del 60 por ciento de aprobaci\u00f3n de los ciudadanos, lo cual resulta poco cre\u00edble. Florina Salazar Hern\u00e1ndez, coordinadora de [&hellip;]<\/p>\n","protected":false},"author":4,"featured_media":10999,"comment_status":"closed","ping_status":"closed","sticky":false,"template":"","format":"standard","meta":{"footnotes":""},"categories":[4],"tags":[],"class_list":["post-10998","post","type-post","status-publish","format-standard","has-post-thumbnail","hentry","category-tampico"],"_links":{"self":[{"href":"https:\/\/conexiontotal.press\/index.php\/wp-json\/wp\/v2\/posts\/10998","targetHints":{"allow":["GET"]}}],"collection":[{"href":"https:\/\/conexiontotal.press\/index.php\/wp-json\/wp\/v2\/posts"}],"about":[{"href":"https:\/\/conexiontotal.press\/index.php\/wp-json\/wp\/v2\/types\/post"}],"author":[{"embeddable":true,"href":"https:\/\/conexiontotal.press\/index.php\/wp-json\/wp\/v2\/users\/4"}],"replies":[{"embeddable":true,"href":"https:\/\/conexiontotal.press\/index.php\/wp-json\/wp\/v2\/comments?post=10998"}],"version-history":[{"count":1,"href":"https:\/\/conexiontotal.press\/index.php\/wp-json\/wp\/v2\/posts\/10998\/revisions"}],"predecessor-version":[{"id":11000,"href":"https:\/\/conexiontotal.press\/index.php\/wp-json\/wp\/v2\/posts\/10998\/revisions\/11000"}],"wp:featuredmedia":[{"embeddable":true,"href":"https:\/\/conexiontotal.press\/index.php\/wp-json\/wp\/v2\/media\/10999"}],"wp:attachment":[{"href":"https:\/\/conexiontotal.press\/index.php\/wp-json\/wp\/v2\/media?parent=10998"}],"wp:term":[{"taxonomy":"category","embeddable":true,"href":"https:\/\/conexiontotal.press\/index.php\/wp-json\/wp\/v2\/categories?post=10998"},{"taxonomy":"post_tag","embeddable":true,"href":"https:\/\/conexiontotal.press\/index.php\/wp-json\/wp\/v2\/tags?post=10998"}],"curies":[{"name":"wp","href":"https:\/\/api.w.org\/{rel}","templated":true}]}}