{"id":11001,"date":"2023-03-22T16:30:39","date_gmt":"2023-03-22T22:30:39","guid":{"rendered":"https:\/\/conexiontotal.press\/?p=11001"},"modified":"2023-03-22T16:30:39","modified_gmt":"2023-03-22T22:30:39","slug":"abarrotan-la-feria-del-empleo-2023-en-nuevo-laredo","status":"publish","type":"post","link":"https:\/\/conexiontotal.press\/index.php\/2023\/03\/22\/abarrotan-la-feria-del-empleo-2023-en-nuevo-laredo\/","title":{"rendered":"Abarrotan la Feria del Empleo 2023 en Nuevo Laredo"},"content":{"rendered":"<p>La sala principal del Centro C\u00edvico de Nuevo Laredo luci\u00f3 llena por los cientos de asistentes que respondieron a la primera \u201cFeria del Empleo 2023\u201d, en la que participaron 60 empresas ofertando m\u00e1s de mil 500 vacantes.<\/p>\n<p>La alcaldesa Carmen Lilia Canturosas junto a integrantes del cabildo y dem\u00e1s autoridades municipales, recorrieron el inmueble y destac\u00f3 que gracias a estas acciones del Gobierno Municipal, Nuevo Laredo es un referente en desarrollo econ\u00f3mico y generaci\u00f3n de empleo.<\/p>\n<p>\u201cEstamos seguros que cada uno de ustedes encontrar\u00e1 una oportunidad de crecimiento y desarrollo para incrementar la productividad de Nuevo Laredo y una mejor calidad de vida\u201d, se\u00f1al\u00f3 Canturosas.<\/p>\n<p>Indic\u00f3 que junto al gobernador de Tamaulipas, Am\u00e9rico Villarreal Anaya, se implementan acciones para impulsar las ventajas competitivas de Nuevo Laredo, as\u00ed como ser un facilitador para la instalaci\u00f3n de nuevas empresas.<\/p>\n<p>El secretario de Desarrollo Econ\u00f3mico, Rolando Guevara Gonz\u00e1lez, dijo que con las Ferias del Empleo realizadas el a\u00f1o pasado junto a los eventos de \u201cEmpleo en tu colonia\u201d, se lograron vincular a 12 mil 500 ciudadanos por lo que se espera superar esa cantidad en el 2023.<\/p>\n<p>\u201cEs una estrategia que ha dado muy buenos resultados, seguiremos estableciendo este tipo de acciones para acercar las oportunidades a los ciudadanos, este a\u00f1o seguiremos por el mismo camino\u201d, mencion\u00f3 Guevara Gonz\u00e1lez.<\/p>\n<p>De acuerdo con las estad\u00edsticas del Instituto Mexicano del Seguro Social (IMSS), Nuevo Laredo redujo la tasa de desempleo en esta primera parte del 2023 en 1.6 por ciento; esto significa estar abajo de la tendencia nacional que es del 2.6 por ciento.<\/p>\n<p>La se\u00f1ora Dulce Echeverr\u00eda agradeci\u00f3 al gobierno municipal por realizar este evento en el que se instalan diferentes empresas para poder encontrar un trabajo y llevar a su hogar un sustento econ\u00f3mico.<\/p>\n<p>\u201cEst\u00e1 perfecto para todos los que estamos buscando trabajo, muchas gracias por pensar en nosotros, porque a veces por lo retirado de las empresas no podemos acudir porque no tenemos para el transporte, aqu\u00ed es m\u00e1s sencillo\u201d, manifest\u00f3 Dulce Echeverr\u00eda.<\/p>\n<p>Mientras que Rogelio Mart\u00ednez reconoci\u00f3 que a trav\u00e9s de la Feria del Empleo los j\u00f3venes logran encontrar una opci\u00f3n para trabajar, por lo que es positivo que se realicen.<\/p>\n<p>La instalaci\u00f3n de nuevas empresas, as\u00ed como la expansi\u00f3n de la industria maquiladora, ha sido de los motivos por los cuales existen opciones de trabajo para los neolaredenses.<\/p>\n<p>Cabe destacar que en esta edici\u00f3n, varias empresas brindaron vacantes a personas con discapacidad.<\/p>\n<p>Por Staff<\/p>\n","protected":false},"excerpt":{"rendered":"<p>La sala principal del Centro C\u00edvico de Nuevo Laredo luci\u00f3 llena por los cientos de asistentes que respondieron a la primera \u201cFeria del Empleo 2023\u201d, en la que participaron 60 empresas ofertando m\u00e1s de mil 500 vacantes. La alcaldesa Carmen Lilia Canturosas junto a integrantes del cabildo y dem\u00e1s autoridades municipales, recorrieron el inmueble y [&hellip;]<\/p>\n","protected":false},"author":4,"featured_media":11002,"comment_status":"closed","ping_status":"closed","sticky":false,"template":"","format":"standard","meta":{"footnotes":""},"categories":[20],"tags":[],"class_list":["post-11001","post","type-post","status-publish","format-standard","has-post-thumbnail","hentry","category-frontera"],"_links":{"self":[{"href":"https:\/\/conexiontotal.press\/index.php\/wp-json\/wp\/v2\/posts\/11001","targetHints":{"allow":["GET"]}}],"collection":[{"href":"https:\/\/conexiontotal.press\/index.php\/wp-json\/wp\/v2\/posts"}],"about":[{"href":"https:\/\/conexiontotal.press\/index.php\/wp-json\/wp\/v2\/types\/post"}],"author":[{"embeddable":true,"href":"https:\/\/conexiontotal.press\/index.php\/wp-json\/wp\/v2\/users\/4"}],"replies":[{"embeddable":true,"href":"https:\/\/conexiontotal.press\/index.php\/wp-json\/wp\/v2\/comments?post=11001"}],"version-history":[{"count":1,"href":"https:\/\/conexiontotal.press\/index.php\/wp-json\/wp\/v2\/posts\/11001\/revisions"}],"predecessor-version":[{"id":11003,"href":"https:\/\/conexiontotal.press\/index.php\/wp-json\/wp\/v2\/posts\/11001\/revisions\/11003"}],"wp:featuredmedia":[{"embeddable":true,"href":"https:\/\/conexiontotal.press\/index.php\/wp-json\/wp\/v2\/media\/11002"}],"wp:attachment":[{"href":"https:\/\/conexiontotal.press\/index.php\/wp-json\/wp\/v2\/media?parent=11001"}],"wp:term":[{"taxonomy":"category","embeddable":true,"href":"https:\/\/conexiontotal.press\/index.php\/wp-json\/wp\/v2\/categories?post=11001"},{"taxonomy":"post_tag","embeddable":true,"href":"https:\/\/conexiontotal.press\/index.php\/wp-json\/wp\/v2\/tags?post=11001"}],"curies":[{"name":"wp","href":"https:\/\/api.w.org\/{rel}","templated":true}]}}