{"id":11130,"date":"2023-03-28T12:12:52","date_gmt":"2023-03-28T18:12:52","guid":{"rendered":"https:\/\/conexiontotal.press\/?p=11130"},"modified":"2023-03-28T12:12:53","modified_gmt":"2023-03-28T18:12:53","slug":"acueducto-del-panuco-sera-primero-para-tamaulipas-ava","status":"publish","type":"post","link":"https:\/\/conexiontotal.press\/index.php\/2023\/03\/28\/acueducto-del-panuco-sera-primero-para-tamaulipas-ava\/","title":{"rendered":"Acueducto del P\u00e1nuco ser\u00e1 primero para Tamaulipas: AVA"},"content":{"rendered":"\n<p>CIUDAD VICTORIA, TAMAULIPAS.- El proyecto hidr\u00e1ulico del r\u00edo P\u00e1nuco con el que se busca mitigar la problem\u00e1tica de abasto de agua en Tamaulipas y Nuevo Le\u00f3n se llevar\u00e1 a cabo, asegur\u00f3 el gobernador Am\u00e9rico Villarreal Anaya, quien aclar\u00f3 que primero se ver\u00e1n los intereses de la entidad.<\/p>\n\n\n\n<p>Al encabezar la ceremonia de honores a la bandera y la entrega de un paquete de obras de pavimentaci\u00f3n por m\u00e1s de 52 millones de pesos en la colonia Vamos Tamaulipas, el mandatario estatal habl\u00f3 de la propuesta del gobernador Samuel Garc\u00eda para que el proyecto se concrete con una aportaci\u00f3n tripartita entre estados y la Federaci\u00f3n.<\/p>\n\n\n\n<p>\u201cSi ellos nos ayudan para conformar este gran proyecto y en un futuro se puede complementar un acueducto de esta naturaleza bienvenido, pero primero los intereses de Tamaulipas\u201d, aclar\u00f3 el gobernador tamaulipeco.<\/p>\n\n\n\n<p>Villarreal Anaya record\u00f3 que el proyecto del acueducto del r\u00edo P\u00e1nuco a la presa Vicente Guerrero, la tercera m\u00e1s grande del pa\u00eds ubicada en el municipio de Padilla, con capacidad de albergar casi 4 mil metros c\u00fabicos de agua, considera esta presa como un vaso regulador.<\/p>\n\n\n\n<p>\u201cEn alg\u00fan momento ah\u00ed pudiera considerarse alg\u00fan otro tipo de acueducto para poder volver a alimentar a Monterrey a trav\u00e9s de un acueducto que llevara agua ahora a la presa Cerro Prieto, pero primero vamos a atender y desarrollar los pendientes y las necesidades de Tamaulipas\u201d, reiter\u00f3 el gobernador tamaulipeco.<\/p>\n\n\n\n<p>Record\u00f3 que en estos momentos, Nuevo Le\u00f3n cuenta con un apoyo federal para un segundo acueducto de la presa El Cuchillo, sin embargo, de concretarse el financiamiento para el proyecto a partes iguales entre Tamaulipas, Nuevo Le\u00f3n y la Federaci\u00f3n, facilitar\u00eda su realizaci\u00f3n.<\/p>\n\n\n\n<p>\u201cCon esta propuesta podr\u00edamos tener una mayor seguridad de una solvencia para poder concretar y solventar este proyecto. S\u00ed hay capacidad del gobierno para esta propuesta\u201d, afirm\u00f3 el mandatario tamaulipeco, quien remat\u00f3, \u201cno nos rajamos en lo que hemos dicho, aqu\u00ed es una prueba de eso en donde estamos parados\u201d.<\/p>\n\n\n\n<p>Por Perla Res\u00e9ndez<\/p>\n","protected":false},"excerpt":{"rendered":"<p>CIUDAD VICTORIA, TAMAULIPAS.- El proyecto hidr\u00e1ulico del r\u00edo P\u00e1nuco con el que se busca mitigar la problem\u00e1tica de abasto de agua en Tamaulipas y Nuevo Le\u00f3n se llevar\u00e1 a cabo, asegur\u00f3 el gobernador Am\u00e9rico Villarreal Anaya, quien aclar\u00f3 que primero se ver\u00e1n los intereses de la entidad. Al encabezar la ceremonia de honores a la [&hellip;]<\/p>\n","protected":false},"author":4,"featured_media":11131,"comment_status":"closed","ping_status":"closed","sticky":false,"template":"","format":"standard","meta":{"footnotes":""},"categories":[3],"tags":[],"class_list":["post-11130","post","type-post","status-publish","format-standard","has-post-thumbnail","hentry","category-victoria"],"_links":{"self":[{"href":"https:\/\/conexiontotal.press\/index.php\/wp-json\/wp\/v2\/posts\/11130","targetHints":{"allow":["GET"]}}],"collection":[{"href":"https:\/\/conexiontotal.press\/index.php\/wp-json\/wp\/v2\/posts"}],"about":[{"href":"https:\/\/conexiontotal.press\/index.php\/wp-json\/wp\/v2\/types\/post"}],"author":[{"embeddable":true,"href":"https:\/\/conexiontotal.press\/index.php\/wp-json\/wp\/v2\/users\/4"}],"replies":[{"embeddable":true,"href":"https:\/\/conexiontotal.press\/index.php\/wp-json\/wp\/v2\/comments?post=11130"}],"version-history":[{"count":1,"href":"https:\/\/conexiontotal.press\/index.php\/wp-json\/wp\/v2\/posts\/11130\/revisions"}],"predecessor-version":[{"id":11132,"href":"https:\/\/conexiontotal.press\/index.php\/wp-json\/wp\/v2\/posts\/11130\/revisions\/11132"}],"wp:featuredmedia":[{"embeddable":true,"href":"https:\/\/conexiontotal.press\/index.php\/wp-json\/wp\/v2\/media\/11131"}],"wp:attachment":[{"href":"https:\/\/conexiontotal.press\/index.php\/wp-json\/wp\/v2\/media?parent=11130"}],"wp:term":[{"taxonomy":"category","embeddable":true,"href":"https:\/\/conexiontotal.press\/index.php\/wp-json\/wp\/v2\/categories?post=11130"},{"taxonomy":"post_tag","embeddable":true,"href":"https:\/\/conexiontotal.press\/index.php\/wp-json\/wp\/v2\/tags?post=11130"}],"curies":[{"name":"wp","href":"https:\/\/api.w.org\/{rel}","templated":true}]}}