{"id":11174,"date":"2023-03-27T13:03:01","date_gmt":"2023-03-27T19:03:01","guid":{"rendered":"https:\/\/conexiontotal.press\/?p=11174"},"modified":"2023-03-28T13:03:49","modified_gmt":"2023-03-28T19:03:49","slug":"mexico-presenta-su-candidatura-para-los-juegos-olimpicos-de-2036-2040","status":"publish","type":"post","link":"https:\/\/conexiontotal.press\/index.php\/2023\/03\/27\/mexico-presenta-su-candidatura-para-los-juegos-olimpicos-de-2036-2040\/","title":{"rendered":"M\u00e9xico presenta su candidatura para los Juegos Ol\u00edmpicos de 2036-2040"},"content":{"rendered":"\n<p>M\u00e9xico&nbsp;se postul\u00f3 ante el Comit\u00e9 Ol\u00edmpico Internacional (COI) como sede de los&nbsp;Juegos Ol\u00edmpicos&nbsp;en&nbsp;2036-2040.<\/p>\n\n\n\n<p>El canciller\u00a0Marcelo Ebrard\u00a0entreg\u00f3 una carta al presidente el COI,\u00a0Thomas\u00a0Bach, para manifestar el inter\u00e9s del pa\u00eds por albergar la m\u00e1xima justa deportiva.<\/p>\n\n\n\n<p>En la misiva detalla que&nbsp;M\u00e9xico&nbsp;cuenta con la&nbsp;infraestructura&nbsp;deportiva,&nbsp;econ\u00f3mica&nbsp;y&nbsp;hotelera&nbsp;para celebrar unos&nbsp;Juegos Ol\u00edmpicos&nbsp;exitosos, austeros, universales y que promuevan la paz, hermandad y justicia.<\/p>\n\n\n\n<p>Reitero la total disposici\u00f3n de nuestro gobierno y Comit\u00e9 Ol\u00edmpico Mexicano para colaborar con usted y el COI en los pasos subsecuentes que de ella deriven\u201d, dijo Ebrard a Bach.<\/p>\n\n\n\n<p>La entrega de la carta de postulaci\u00f3n ocurri\u00f3 en la sede del COI, en Suiza, con la participaci\u00f3n de<br>la presidenta del Comit\u00e9 Ol\u00edmpico Mexicano, Mary Jos\u00e9 Alcal\u00e1.<\/p>\n\n\n\n<p>El pa\u00eds alberg\u00f3 en 1968 los&nbsp;XIX Juegos Ol\u00edmpicos, con la participaci\u00f3n de 5 mil 516 atletas.<\/p>\n\n\n\n<p>El evento se llev\u00f3 a cabo en la Ciudad de M\u00e9xico, con la construcci\u00f3n de dos villas ol\u00edmpicas.<\/p>\n\n\n\n<p>Con informaci\u00f3n de L\u00f3pez-D\u00f3riga Digital<\/p>\n","protected":false},"excerpt":{"rendered":"<p>M\u00e9xico&nbsp;se postul\u00f3 ante el Comit\u00e9 Ol\u00edmpico Internacional (COI) como sede de los&nbsp;Juegos Ol\u00edmpicos&nbsp;en&nbsp;2036-2040. El canciller\u00a0Marcelo Ebrard\u00a0entreg\u00f3 una carta al presidente el COI,\u00a0Thomas\u00a0Bach, para manifestar el inter\u00e9s del pa\u00eds por albergar la m\u00e1xima justa deportiva. En la misiva detalla que&nbsp;M\u00e9xico&nbsp;cuenta con la&nbsp;infraestructura&nbsp;deportiva,&nbsp;econ\u00f3mica&nbsp;y&nbsp;hotelera&nbsp;para celebrar unos&nbsp;Juegos Ol\u00edmpicos&nbsp;exitosos, austeros, universales y que promuevan la paz, hermandad y justicia. Reitero [&hellip;]<\/p>\n","protected":false},"author":4,"featured_media":11175,"comment_status":"closed","ping_status":"closed","sticky":false,"template":"","format":"standard","meta":{"footnotes":""},"categories":[15],"tags":[],"class_list":["post-11174","post","type-post","status-publish","format-standard","has-post-thumbnail","hentry","category-deportes"],"_links":{"self":[{"href":"https:\/\/conexiontotal.press\/index.php\/wp-json\/wp\/v2\/posts\/11174","targetHints":{"allow":["GET"]}}],"collection":[{"href":"https:\/\/conexiontotal.press\/index.php\/wp-json\/wp\/v2\/posts"}],"about":[{"href":"https:\/\/conexiontotal.press\/index.php\/wp-json\/wp\/v2\/types\/post"}],"author":[{"embeddable":true,"href":"https:\/\/conexiontotal.press\/index.php\/wp-json\/wp\/v2\/users\/4"}],"replies":[{"embeddable":true,"href":"https:\/\/conexiontotal.press\/index.php\/wp-json\/wp\/v2\/comments?post=11174"}],"version-history":[{"count":1,"href":"https:\/\/conexiontotal.press\/index.php\/wp-json\/wp\/v2\/posts\/11174\/revisions"}],"predecessor-version":[{"id":11176,"href":"https:\/\/conexiontotal.press\/index.php\/wp-json\/wp\/v2\/posts\/11174\/revisions\/11176"}],"wp:featuredmedia":[{"embeddable":true,"href":"https:\/\/conexiontotal.press\/index.php\/wp-json\/wp\/v2\/media\/11175"}],"wp:attachment":[{"href":"https:\/\/conexiontotal.press\/index.php\/wp-json\/wp\/v2\/media?parent=11174"}],"wp:term":[{"taxonomy":"category","embeddable":true,"href":"https:\/\/conexiontotal.press\/index.php\/wp-json\/wp\/v2\/categories?post=11174"},{"taxonomy":"post_tag","embeddable":true,"href":"https:\/\/conexiontotal.press\/index.php\/wp-json\/wp\/v2\/tags?post=11174"}],"curies":[{"name":"wp","href":"https:\/\/api.w.org\/{rel}","templated":true}]}}