{"id":12196,"date":"2023-05-16T17:00:37","date_gmt":"2023-05-16T23:00:37","guid":{"rendered":"https:\/\/conexiontotal.press\/?p=12196"},"modified":"2023-05-16T17:00:37","modified_gmt":"2023-05-16T23:00:37","slug":"andrea-legarreta-y-raul-hablan-del-nuevo-novio-de-galilea-montijo","status":"publish","type":"post","link":"https:\/\/conexiontotal.press\/index.php\/2023\/05\/16\/andrea-legarreta-y-raul-hablan-del-nuevo-novio-de-galilea-montijo\/","title":{"rendered":"Andrea Legarreta y Ra\u00fal hablan del nuevo novio de Galilea Montijo"},"content":{"rendered":"<p>Luego que hace unos d\u00edas se rumor\u00f3 que\u00a0Galilea Montijo\u00a0se estar\u00eda dando una segunda oportunidad en\u00a0el amor con el modelo de origen espa\u00f1ol de nombre\u00a0Isaac Moreno,\u00a0este lunes\u00a015 de mayo\u00a0salieron a la luz unas fotograf\u00edas en las que se confirmar\u00eda dicha relaci\u00f3n.<\/p>\n<p>Debido a lo anterior, sus amigos y compa\u00f1eros del\u00a0Programa Hoy, Ra\u00fal Araiza y Andrea Legarreta\u00a0hablaron con la prensa al respecto y dijeron lo que piensan que\u00a0Galilea Montijo\u00a0est\u00e1 d\u00e1ndose una nueva oportunidad en el amor con este guapo modelo.<\/p>\n<p><strong>\u00bfQu\u00e9 piensan Ra\u00fal Araiza y Andrea Legarreta del nuevo novio de Gali?<\/strong><\/p>\n<p>El primero en hablar sobre la nueva relaci\u00f3n de\u00a0Galilea Montijo fue Ra\u00fal Araiza\u00a0quien se tom\u00f3 unos minutos para platicar con la prensa, sobre la nueva relaci\u00f3n amorosa de su amiga y compa\u00f1era de trabajo.<\/p>\n<p>\u201c\u2026aqu\u00ed la mujer tiene todo el derecho de rehacer su vida y ser feliz, ambas personas, no puedo hablar de mi carnalita, hemos hablado en privado y lo \u00fanico que s\u00e9 es que est\u00e1 contenta, no he visto nada en especial\u201d, dijo Araiza<\/p>\n<p>Adem\u00e1s el conductor asegur\u00f3 que\u00a0Montijo\u00a0tiene todo el derecho de darse una segunda, tercera o cuarta oportunidad en el amor, pero pide a la prensa y a la gente en general que no la juzguen pues, los hombres si estrenan novia no reciben los mismos ataques que las mujeres.<br \/>\nPor otra parte,\u00a0Araiza\u00a0piensa que aunque las fotograf\u00edas que salieron a la luz invadieron la privacidad de su amiga, asegura que\u00a0\u201cno lo va a tomar a mal\u201d\u00a0pues tanto ella como el presunto nuevo gal\u00e1n son adultos y ambos est\u00e1n muy guapos.<\/p>\n<p>Fiel a su estilo, Ra\u00fal Araiza dijo que se ve\u00edan felices\u00a0\u201cbuscando conchitas\u201d, sin embargo, \u201cEl negro\u201d\u00a0como le dicen de cari\u00f1o al conductor reiter\u00f3 en varias ocasiones que lo m\u00e1s importante es ver la sonrisa de\u00a0Galilea\u00a0pues ella se ve muy feliz.<\/p>\n<p><iframe loading=\"lazy\" title=\"Ra\u00fal Araiza Galilea Montijo se merece una y m\u00e1s oportunidades con nuevo gal\u00e1n un hombre Guapo\" src=\"https:\/\/www.youtube.com\/embed\/cAlZJOZ-Pds?start=1&amp;feature=oembed\" width=\"800\" height=\"450\" frameborder=\"0\" allowfullscreen=\"allowfullscreen\" data-mce-fragment=\"1\"><\/iframe><\/p>\n<p>Por su parte,\u00a0Andrea Legarreta\u00a0tambi\u00e9n fue cuestionada sobre el presunto nuevo noviazgo de Galilea Montijo e Isaac Moreno, sin embargo, a diferencia de\u00a0Ra\u00fal Araiza,\u00a0\u00e9sta no quiso hablar al respecto.<\/p>\n<p>\u201c\u00bfPara eso me detuvieron?, \u00bfPara hablar de Gali? no\u2026no tengo la menor idea, de verdad no tengo la menor idea, y no me corresponde decir nada de ella ni de nadie m\u00e1s\u201d, dijo Andrea Legarreta<\/p>\n<p>Finalmente, los reporteros cuestionaron a\u00a0Andrea\u00a0si ella al igual que\u00a0Galilea Montijo\u00a0podr\u00eda darse una nueva oportunidad en el amor, sin embargo,\u00a0la conductora de Hoy\u00a0asegur\u00f3 que\u00a0\u201cno tiene tiempo ni ganas\u201d.<\/p>\n<p><iframe loading=\"lazy\" title=\"Andrea Legarreta reacciona a fotos de Galilea con un hombre m\u00e1s joven que ella\" src=\"https:\/\/www.youtube.com\/embed\/Xn_tdcr9bGM?start=2&amp;feature=oembed\" width=\"800\" height=\"450\" frameborder=\"0\" allowfullscreen=\"allowfullscreen\" data-mce-fragment=\"1\"><\/iframe><\/p>\n<p>Y es que, Andrea Legarreta dijo que son menos las ganas que el tiempo lo que le impide no tener nuevo novio, y al ser cuestionada si tendr\u00eda una relaci\u00f3n con\u00a0\u201cun col\u00e1geno\u201d (hombre menor), la tambi\u00e9n actriz\u00a0dio un rotundo no a esta posibilidad.<\/p>\n<p>CON INFORMACI\u00d3N DE EL HERALDO DE M\u00c9XICO<\/p>\n","protected":false},"excerpt":{"rendered":"<p>Luego que hace unos d\u00edas se rumor\u00f3 que\u00a0Galilea Montijo\u00a0se estar\u00eda dando una segunda oportunidad en\u00a0el amor con el modelo de origen espa\u00f1ol de nombre\u00a0Isaac Moreno,\u00a0este lunes\u00a015 de mayo\u00a0salieron a la luz unas fotograf\u00edas en las que se confirmar\u00eda dicha relaci\u00f3n. Debido a lo anterior, sus amigos y compa\u00f1eros del\u00a0Programa Hoy, Ra\u00fal Araiza y Andrea Legarreta\u00a0hablaron [&hellip;]<\/p>\n","protected":false},"author":4,"featured_media":12197,"comment_status":"closed","ping_status":"closed","sticky":false,"template":"","format":"standard","meta":{"footnotes":""},"categories":[16],"tags":[],"class_list":["post-12196","post","type-post","status-publish","format-standard","has-post-thumbnail","hentry","category-espectaculos"],"_links":{"self":[{"href":"https:\/\/conexiontotal.press\/index.php\/wp-json\/wp\/v2\/posts\/12196","targetHints":{"allow":["GET"]}}],"collection":[{"href":"https:\/\/conexiontotal.press\/index.php\/wp-json\/wp\/v2\/posts"}],"about":[{"href":"https:\/\/conexiontotal.press\/index.php\/wp-json\/wp\/v2\/types\/post"}],"author":[{"embeddable":true,"href":"https:\/\/conexiontotal.press\/index.php\/wp-json\/wp\/v2\/users\/4"}],"replies":[{"embeddable":true,"href":"https:\/\/conexiontotal.press\/index.php\/wp-json\/wp\/v2\/comments?post=12196"}],"version-history":[{"count":1,"href":"https:\/\/conexiontotal.press\/index.php\/wp-json\/wp\/v2\/posts\/12196\/revisions"}],"predecessor-version":[{"id":12198,"href":"https:\/\/conexiontotal.press\/index.php\/wp-json\/wp\/v2\/posts\/12196\/revisions\/12198"}],"wp:featuredmedia":[{"embeddable":true,"href":"https:\/\/conexiontotal.press\/index.php\/wp-json\/wp\/v2\/media\/12197"}],"wp:attachment":[{"href":"https:\/\/conexiontotal.press\/index.php\/wp-json\/wp\/v2\/media?parent=12196"}],"wp:term":[{"taxonomy":"category","embeddable":true,"href":"https:\/\/conexiontotal.press\/index.php\/wp-json\/wp\/v2\/categories?post=12196"},{"taxonomy":"post_tag","embeddable":true,"href":"https:\/\/conexiontotal.press\/index.php\/wp-json\/wp\/v2\/tags?post=12196"}],"curies":[{"name":"wp","href":"https:\/\/api.w.org\/{rel}","templated":true}]}}