{"id":14279,"date":"2023-11-09T15:22:32","date_gmt":"2023-11-09T21:22:32","guid":{"rendered":"https:\/\/conexiontotal.press\/?p=14279"},"modified":"2023-11-09T15:22:32","modified_gmt":"2023-11-09T21:22:32","slug":"tirotean-dos-escuelas-judias-en-canada-sin-dejar-victimas-trudeau-condena-ataque","status":"publish","type":"post","link":"https:\/\/conexiontotal.press\/index.php\/2023\/11\/09\/tirotean-dos-escuelas-judias-en-canada-sin-dejar-victimas-trudeau-condena-ataque\/","title":{"rendered":"Tirotean dos escuelas jud\u00edas en Canad\u00e1 sin dejar v\u00edctimas; Trudeau condena ataque"},"content":{"rendered":"<p>Dos escuelas jud\u00edas en el distrito C\u00f4te-des-Neiges-Notre-Dame-de-Gr\u00e2ce de Montreal fueron el blanco de ataques armados durante la noche, generando condenas del primer ministro canadiense, Justin Trudeau. La polic\u00eda confirm\u00f3 el jueves por la ma\u00f1ana que ambas instituciones educativas fueron alcanzadas por balas en incidentes separados.<\/p>\n<p><strong>Te recomendamos:\u00a0<a href=\"https:\/\/www.excelsior.com.mx\/global\/ong-y-abogados-piden-a-la-cpi-que-investigue-ataques-en-gaza\/1618821\" target=\"_blank\" rel=\"noopener\">Piden\u00a0a la CPI investigar los ataques de Israel en Gaza como &#8216;genocidio&#8217;\u00a0<\/a><\/strong><\/p>\n<p>El primer incidente fue informado a las 8:20 de la ma\u00f1ana (hora local), cuando un miembro del United Talmud Torahs of Montreal\u00a0descubri\u00f3 un agujero de bala en una puerta de la escuela. Esta instituci\u00f3n, que comprende una escuela primaria y secundaria, se encuentra ubicada en el centro-oeste de la ciudad.<\/p>\n<p>Aproximadamente 30 minutos m\u00e1s tarde, se recibi\u00f3 una llamada al 911 sobre otro agujero de bala encontrado en la puerta de Yeshiva Gedola, otra escuela jud\u00eda que tambi\u00e9n incluye una guarder\u00eda. Esta escuela est\u00e1 ubicada\u00a0a unos 10 minutos en autom\u00f3vil de la primera escuela. Ambos centros educativos\u00a0estaban vac\u00edos en el momento de los ataques, y no se reportaron heridos. Sin embargo, la polic\u00eda ha abierto una investigaci\u00f3n para determinar los detalles de estos incidentes y arrestar a los responsables.<\/p>\n<div class=\"twitter-tweet twitter-tweet-rendered\"><iframe id=\"twitter-widget-0\" class=\"\" title=\"Twitter Tweet\" src=\"https:\/\/platform.twitter.com\/embed\/Tweet.html?creatorScreenName=Excelsior&amp;dnt=false&amp;embedId=twitter-widget-0&amp;features=eyJ0ZndfdGltZWxpbmVfbGlzdCI6eyJidWNrZXQiOltdLCJ2ZXJzaW9uIjpudWxsfSwidGZ3X2ZvbGxvd2VyX2NvdW50X3N1bnNldCI6eyJidWNrZXQiOnRydWUsInZlcnNpb24iOm51bGx9LCJ0ZndfdHdlZXRfZWRpdF9iYWNrZW5kIjp7ImJ1Y2tldCI6Im9uIiwidmVyc2lvbiI6bnVsbH0sInRmd19yZWZzcmNfc2Vzc2lvbiI6eyJidWNrZXQiOiJvbiIsInZlcnNpb24iOm51bGx9LCJ0ZndfZm9zbnJfc29mdF9pbnRlcnZlbnRpb25zX2VuYWJsZWQiOnsiYnVja2V0Ijoib24iLCJ2ZXJzaW9uIjpudWxsfSwidGZ3X21peGVkX21lZGlhXzE1ODk3Ijp7ImJ1Y2tldCI6InRyZWF0bWVudCIsInZlcnNpb24iOm51bGx9LCJ0ZndfZXhwZXJpbWVudHNfY29va2llX2V4cGlyYXRpb24iOnsiYnVja2V0IjoxMjA5NjAwLCJ2ZXJzaW9uIjpudWxsfSwidGZ3X3Nob3dfYmlyZHdhdGNoX3Bpdm90c19lbmFibGVkIjp7ImJ1Y2tldCI6Im9uIiwidmVyc2lvbiI6bnVsbH0sInRmd19kdXBsaWNhdGVfc2NyaWJlc190b19zZXR0aW5ncyI6eyJidWNrZXQiOiJvbiIsInZlcnNpb24iOm51bGx9LCJ0ZndfdXNlX3Byb2ZpbGVfaW1hZ2Vfc2hhcGVfZW5hYmxlZCI6eyJidWNrZXQiOiJvbiIsInZlcnNpb24iOm51bGx9LCJ0ZndfdmlkZW9faGxzX2R5bmFtaWNfbWFuaWZlc3RzXzE1MDgyIjp7ImJ1Y2tldCI6InRydWVfYml0cmF0ZSIsInZlcnNpb24iOm51bGx9LCJ0ZndfbGVnYWN5X3RpbWVsaW5lX3N1bnNldCI6eyJidWNrZXQiOnRydWUsInZlcnNpb24iOm51bGx9LCJ0ZndfdHdlZXRfZWRpdF9mcm9udGVuZCI6eyJidWNrZXQiOiJvbiIsInZlcnNpb24iOm51bGx9fQ%3D%3D&amp;frame=false&amp;hideCard=false&amp;hideThread=false&amp;id=1722656793208185181&amp;lang=es&amp;origin=https%3A%2F%2Fwww.excelsior.com.mx%2Fglobal%2Fen-canada-atacan-a-balazos-dos-escuelas-judias-en-montreal%2F1618841&amp;sessionId=90b2d8fdb42b5d9ffa951c82249a16817f7aa400&amp;siteScreenName=Excelsior&amp;theme=light&amp;widgetsVersion=01917f4d1d4cb%3A1696883169554&amp;width=550px\" frameborder=\"0\" scrolling=\"no\" allowfullscreen=\"allowfullscreen\" data-tweet-id=\"1722656793208185181\" data-mce-fragment=\"1\"><\/iframe><\/div>\n<p>&nbsp;<\/p>\n<p><strong>Estos tiroteos se producen en un contexto de crecientes tensiones en las comunidades culturales de Montreal<\/strong>, exacerbadas por el conflicto en curso entre Israel y Ham\u00e1s. Las tensiones alcanzaron un punto cr\u00edtico el mi\u00e9rcoles por la tarde, cuando la polic\u00eda fue llamada a la Universidad Concordia en el centro de Montreal despu\u00e9s de que un altercado entre estudiantes pro-israel\u00edes y pro-palestinos se volviera violento.<\/p>\n<p>Un estudiante de 22 a\u00f1os fue arrestado por agresi\u00f3n, y tanto un estudiante como dos guardias de seguridad sufrieron heridas leves durante el altercado.<\/p>\n<p>El primer ministro de Canad\u00e1, Justin Trudeau, se pronunci\u00f3 sobre estos incidentes y expres\u00f3 su preocupaci\u00f3n por el &#8220;aumento de las amenazas de violencia, de la violencia y del odio&#8221; en la ciudad. Hizo un llamado a la unidad y record\u00f3 a los canadienses que, a pesar de las diferencias de opini\u00f3n, la violencia y el odio no deben ser tolerados en la sociedad.<\/p>\n<p>&nbsp;<\/p>\n<blockquote><p>&#8220;Quiero ser muy claro. Condenamos esta violencia antisemita en los t\u00e9rminos m\u00e1s en\u00e9rgicos&#8221;, declar\u00f3 el jueves Justin Trudeau tras hablar de un aumento &#8220;aterrador&#8221; del antisemitismo y la islamofobia con el conflicto entre Israel y Ham\u00e1s como tel\u00f3n de fondo.<\/p>\n<div class=\"twitter-tweet twitter-tweet-rendered\"><iframe id=\"twitter-widget-1\" class=\"\" title=\"Twitter Tweet\" src=\"https:\/\/platform.twitter.com\/embed\/Tweet.html?creatorScreenName=Excelsior&amp;dnt=false&amp;embedId=twitter-widget-1&amp;features=eyJ0ZndfdGltZWxpbmVfbGlzdCI6eyJidWNrZXQiOltdLCJ2ZXJzaW9uIjpudWxsfSwidGZ3X2ZvbGxvd2VyX2NvdW50X3N1bnNldCI6eyJidWNrZXQiOnRydWUsInZlcnNpb24iOm51bGx9LCJ0ZndfdHdlZXRfZWRpdF9iYWNrZW5kIjp7ImJ1Y2tldCI6Im9uIiwidmVyc2lvbiI6bnVsbH0sInRmd19yZWZzcmNfc2Vzc2lvbiI6eyJidWNrZXQiOiJvbiIsInZlcnNpb24iOm51bGx9LCJ0ZndfZm9zbnJfc29mdF9pbnRlcnZlbnRpb25zX2VuYWJsZWQiOnsiYnVja2V0Ijoib24iLCJ2ZXJzaW9uIjpudWxsfSwidGZ3X21peGVkX21lZGlhXzE1ODk3Ijp7ImJ1Y2tldCI6InRyZWF0bWVudCIsInZlcnNpb24iOm51bGx9LCJ0ZndfZXhwZXJpbWVudHNfY29va2llX2V4cGlyYXRpb24iOnsiYnVja2V0IjoxMjA5NjAwLCJ2ZXJzaW9uIjpudWxsfSwidGZ3X3Nob3dfYmlyZHdhdGNoX3Bpdm90c19lbmFibGVkIjp7ImJ1Y2tldCI6Im9uIiwidmVyc2lvbiI6bnVsbH0sInRmd19kdXBsaWNhdGVfc2NyaWJlc190b19zZXR0aW5ncyI6eyJidWNrZXQiOiJvbiIsInZlcnNpb24iOm51bGx9LCJ0ZndfdXNlX3Byb2ZpbGVfaW1hZ2Vfc2hhcGVfZW5hYmxlZCI6eyJidWNrZXQiOiJvbiIsInZlcnNpb24iOm51bGx9LCJ0ZndfdmlkZW9faGxzX2R5bmFtaWNfbWFuaWZlc3RzXzE1MDgyIjp7ImJ1Y2tldCI6InRydWVfYml0cmF0ZSIsInZlcnNpb24iOm51bGx9LCJ0ZndfbGVnYWN5X3RpbWVsaW5lX3N1bnNldCI6eyJidWNrZXQiOnRydWUsInZlcnNpb24iOm51bGx9LCJ0ZndfdHdlZXRfZWRpdF9mcm9udGVuZCI6eyJidWNrZXQiOiJvbiIsInZlcnNpb24iOm51bGx9fQ%3D%3D&amp;frame=false&amp;hideCard=false&amp;hideThread=false&amp;id=1722680509891813619&amp;lang=es&amp;origin=https%3A%2F%2Fwww.excelsior.com.mx%2Fglobal%2Fen-canada-atacan-a-balazos-dos-escuelas-judias-en-montreal%2F1618841&amp;sessionId=90b2d8fdb42b5d9ffa951c82249a16817f7aa400&amp;siteScreenName=Excelsior&amp;theme=light&amp;widgetsVersion=01917f4d1d4cb%3A1696883169554&amp;width=550px\" frameborder=\"0\" scrolling=\"no\" allowfullscreen=\"allowfullscreen\" data-tweet-id=\"1722680509891813619\" data-mce-fragment=\"1\"><\/iframe><\/div>\n<\/blockquote>\n<p>Por su parte, el primer ministro de Quebec, Fran\u00e7ois Legault, tambi\u00e9n conden\u00f3 los tiroteos y los enfrentamientos violentos en la Universidad de Concordia. En una publicaci\u00f3n en redes sociales, manifest\u00f3 su inquietud y afirm\u00f3 que el odio y la violencia nunca ser\u00e1n tolerados en Quebec, y prometi\u00f3 que los perpetradores ser\u00e1n castigados.<\/p>\n","protected":false},"excerpt":{"rendered":"<p>Dos escuelas jud\u00edas en el distrito C\u00f4te-des-Neiges-Notre-Dame-de-Gr\u00e2ce de Montreal fueron el blanco de ataques armados durante la noche, generando condenas del primer ministro canadiense, Justin Trudeau. La polic\u00eda confirm\u00f3 el jueves por la ma\u00f1ana que ambas instituciones educativas fueron alcanzadas por balas en incidentes separados. Te recomendamos:\u00a0Piden\u00a0a la CPI investigar los ataques de Israel en [&hellip;]<\/p>\n","protected":false},"author":4,"featured_media":14280,"comment_status":"closed","ping_status":"closed","sticky":false,"template":"","format":"standard","meta":{"footnotes":""},"categories":[14],"tags":[],"class_list":["post-14279","post","type-post","status-publish","format-standard","has-post-thumbnail","hentry","category-mundo"],"_links":{"self":[{"href":"https:\/\/conexiontotal.press\/index.php\/wp-json\/wp\/v2\/posts\/14279","targetHints":{"allow":["GET"]}}],"collection":[{"href":"https:\/\/conexiontotal.press\/index.php\/wp-json\/wp\/v2\/posts"}],"about":[{"href":"https:\/\/conexiontotal.press\/index.php\/wp-json\/wp\/v2\/types\/post"}],"author":[{"embeddable":true,"href":"https:\/\/conexiontotal.press\/index.php\/wp-json\/wp\/v2\/users\/4"}],"replies":[{"embeddable":true,"href":"https:\/\/conexiontotal.press\/index.php\/wp-json\/wp\/v2\/comments?post=14279"}],"version-history":[{"count":1,"href":"https:\/\/conexiontotal.press\/index.php\/wp-json\/wp\/v2\/posts\/14279\/revisions"}],"predecessor-version":[{"id":14281,"href":"https:\/\/conexiontotal.press\/index.php\/wp-json\/wp\/v2\/posts\/14279\/revisions\/14281"}],"wp:featuredmedia":[{"embeddable":true,"href":"https:\/\/conexiontotal.press\/index.php\/wp-json\/wp\/v2\/media\/14280"}],"wp:attachment":[{"href":"https:\/\/conexiontotal.press\/index.php\/wp-json\/wp\/v2\/media?parent=14279"}],"wp:term":[{"taxonomy":"category","embeddable":true,"href":"https:\/\/conexiontotal.press\/index.php\/wp-json\/wp\/v2\/categories?post=14279"},{"taxonomy":"post_tag","embeddable":true,"href":"https:\/\/conexiontotal.press\/index.php\/wp-json\/wp\/v2\/tags?post=14279"}],"curies":[{"name":"wp","href":"https:\/\/api.w.org\/{rel}","templated":true}]}}