{"id":15721,"date":"2024-03-22T15:06:39","date_gmt":"2024-03-22T21:06:39","guid":{"rendered":"https:\/\/conexiontotal.press\/?p=15721"},"modified":"2024-03-22T15:06:39","modified_gmt":"2024-03-22T21:06:39","slug":"ha-fallecido-el-comediante-jesus-roberto-garza-la-bala","status":"publish","type":"post","link":"https:\/\/conexiontotal.press\/index.php\/2024\/03\/22\/ha-fallecido-el-comediante-jesus-roberto-garza-la-bala\/","title":{"rendered":"Ha fallecido el comediante Jes\u00fas Roberto Garza \u2018La Bala\u2019"},"content":{"rendered":"<p>NUEVO LE\u00d3N.- El comediante Jes\u00fas Roberto Garza \u2018La Bala\u2019 muri\u00f3 a los 68 a\u00f1os de edad durante la madrugada del viernes en Monterrey, Nuevo Le\u00f3n.<\/p>\n<p>Jes\u00fas Roberto Garza llevaba semanas hospitalizado, sin embargo se desconoce el motivo por el cual se encontraba internado en un hospital de la ciudad.<\/p>\n<p>Trascendi\u00f3 que el regio falleci\u00f3 debido a un paro card\u00edaco.<\/p>\n<p><strong>Se despiden famosos del comediante \u2018La Bala\u2019<\/strong><br \/>\nEn redes sociales se report\u00f3 que el comediante regio muri\u00f3 la madrugada de este viernes y diversas personas del medio, como comediantes y conductores, dedicaron emotivos mensajes de despedida para Jes\u00fas Roberto Garza.<\/p>\n<p><iframe loading=\"lazy\" src=\"https:\/\/www.facebook.com\/plugins\/post.php?href=https%3A%2F%2Fwww.facebook.com%2FElRecta%2Fposts%2Fpfbid02wUtDruQrucdPj7YFtiA7xdgE9cuK8e8ugiZADxGJFLET4jymFhtvr9WpnGfceVxJl&amp;show_text=true&amp;width=500\" width=\"500\" height=\"598\" frameborder=\"0\" scrolling=\"no\" allowfullscreen=\"allowfullscreen\" data-mce-fragment=\"1\"><\/iframe><br \/>\n\u201cEl d\u00eda de hoy a las 4:00 am falleci\u00f3 unos de los mejores comediantes que a dado Nuevo Le\u00f3n , Jes\u00fas Roberto Garza La Bala, QEPD\u201d, poste\u00f3 el conductor El Recta.<\/p>\n<p>Oscar Burgos, presentador del programa \u201cMenos Serio Q SNSerio\u201d de Canal 6 Monterrey, expres\u00f3 que \u2018La Bala\u2019 fue un maestro de la comedia.<\/p>\n<blockquote class=\"instagram-media\" data-instgrm-captioned=\"\" data-instgrm-permalink=\"https:\/\/www.instagram.com\/p\/C40oKVXLlbV\/?utm_source=ig_embed&amp;utm_campaign=loading\" data-instgrm-version=\"14\">\n<div>\n<p>&nbsp;<\/p>\n<div>\n<div><\/div>\n<div>\n<div><\/div>\n<div><\/div>\n<\/div>\n<\/div>\n<div><\/div>\n<div><\/div>\n<div>\n<div>Ver esta publicaci\u00f3n en Instagram<\/div>\n<\/div>\n<div><\/div>\n<div>\n<div>\n<div><\/div>\n<div><\/div>\n<div><\/div>\n<\/div>\n<div>\n<div><\/div>\n<div><\/div>\n<\/div>\n<div>\n<div><\/div>\n<div><\/div>\n<div><\/div>\n<\/div>\n<\/div>\n<div>\n<div><\/div>\n<div><\/div>\n<\/div>\n<p>&nbsp;<\/p>\n<p><a href=\"https:\/\/www.instagram.com\/p\/C40oKVXLlbV\/?utm_source=ig_embed&amp;utm_campaign=loading\" target=\"_blank\" rel=\"noopener\">Una publicaci\u00f3n compartida por Oscar Burgos D&#8217;Estefano (@oscarburgostv)<\/a><\/p>\n<\/div>\n<\/blockquote>\n<p>\u201cMuchas recuerdos juntos, te voy a extra\u00f1ar mi Balita, siempre te pinto en mi mente con una sonrisa y una buena puntada. Descansa en paz, maestro\u201d, public\u00f3.<\/p>\n<p>\u201cHoy nos despedimos con profundo pesar de un gigante de la comedia, Jes\u00fas Roberto \u201cLa Bala\u201d. Su ingenio, su carisma y su inigualable talento nos acompa\u00f1aron durante a\u00f1os, regal\u00e1ndonos risas inolvidables. Tu legado vivir\u00e1 en cada sonrisa que inspiraste. Descansa en paz, querido \u201cBala\u201d. Y que Dios le d\u00e9 a la familia pronta resignaci\u00f3n, los acompa\u00f1amos en su dolor\u201d.<\/p>\n<p><iframe loading=\"lazy\" src=\"https:\/\/www.facebook.com\/plugins\/post.php?href=https%3A%2F%2Fwww.facebook.com%2Felgordoyelotro%2Fposts%2Fpfbid02smJWmbveUAKGTjGQTc5HDj14ybjCYkY8M8qWcJr4jQ2yAR34HX6g4Z6YYhJmrEqSl&amp;show_text=true&amp;width=500\" width=\"500\" height=\"687\" frameborder=\"0\" scrolling=\"no\" allowfullscreen=\"allowfullscreen\" data-mce-fragment=\"1\"><\/iframe><\/p>\n<p>\u200bEn su p\u00e1gina de Facebook se hab\u00eda realizado un evento a beneficio del comediante el pasado 10 de febrero, en donde \u00e9l agradeci\u00f3 la ayuda y prometi\u00f3 echarle muchas ganas.<br \/>\n<iframe loading=\"lazy\" src=\"https:\/\/www.facebook.com\/plugins\/post.php?href=https%3A%2F%2Fwww.facebook.com%2Fpermalink.php%3Fstory_fbid%3Dpfbid037WKRuucyYjcEo1ohvXgX7rhqheGjcrQ8wQ3FLDJ93HowYc3dJtNfZ9DPLwDk8FaQl%26id%3D100048108026257&amp;show_text=true&amp;width=500\" width=\"500\" height=\"610\" frameborder=\"0\" scrolling=\"no\" allowfullscreen=\"allowfullscreen\" data-mce-fragment=\"1\"><\/iframe><\/p>\n<p><strong>Jes\u00fas Roberto \u2018La Bala\u2019 Garza destac\u00f3 en la televisi\u00f3n<\/strong><br \/>\n\u2018La Bala\u2019 estuvo en diferentes programas de la televisi\u00f3n regia y a nivel nacional como en \u201cMira que bonito\u201d con los inolvidables R\u00f3mulo Lozano y Ra\u00fal Salcedo Cascarita; as\u00ed como en \u201cHumores Los Comediantes\u201d. Aqu\u00ed algunos de esos momentos:<\/p>\n<p><iframe loading=\"lazy\" title=\"&quot;La Bala&quot; con Romulo y Cascarita\" src=\"https:\/\/www.youtube.com\/embed\/xSThN3hByus\" width=\"618\" height=\"347\" frameborder=\"0\" allowfullscreen=\"allowfullscreen\" data-mce-fragment=\"1\"><\/iframe><\/p>\n<p><iframe loading=\"lazy\" title=\"La Bala - El Porvenir\" src=\"https:\/\/www.youtube.com\/embed\/GmI9Curkafc\" width=\"618\" height=\"347\" frameborder=\"0\" allowfullscreen=\"allowfullscreen\" data-mce-fragment=\"1\"><\/iframe><\/p>\n<p>CON INFORMACI\u00d3N DE MILENIO<\/p>\n","protected":false},"excerpt":{"rendered":"<p>NUEVO LE\u00d3N.- El comediante Jes\u00fas Roberto Garza \u2018La Bala\u2019 muri\u00f3 a los 68 a\u00f1os de edad durante la madrugada del viernes en Monterrey, Nuevo Le\u00f3n. Jes\u00fas Roberto Garza llevaba semanas hospitalizado, sin embargo se desconoce el motivo por el cual se encontraba internado en un hospital de la ciudad. Trascendi\u00f3 que el regio falleci\u00f3 debido [&hellip;]<\/p>\n","protected":false},"author":4,"featured_media":15722,"comment_status":"closed","ping_status":"closed","sticky":false,"template":"","format":"standard","meta":{"footnotes":""},"categories":[16],"tags":[],"class_list":["post-15721","post","type-post","status-publish","format-standard","has-post-thumbnail","hentry","category-espectaculos"],"_links":{"self":[{"href":"https:\/\/conexiontotal.press\/index.php\/wp-json\/wp\/v2\/posts\/15721","targetHints":{"allow":["GET"]}}],"collection":[{"href":"https:\/\/conexiontotal.press\/index.php\/wp-json\/wp\/v2\/posts"}],"about":[{"href":"https:\/\/conexiontotal.press\/index.php\/wp-json\/wp\/v2\/types\/post"}],"author":[{"embeddable":true,"href":"https:\/\/conexiontotal.press\/index.php\/wp-json\/wp\/v2\/users\/4"}],"replies":[{"embeddable":true,"href":"https:\/\/conexiontotal.press\/index.php\/wp-json\/wp\/v2\/comments?post=15721"}],"version-history":[{"count":1,"href":"https:\/\/conexiontotal.press\/index.php\/wp-json\/wp\/v2\/posts\/15721\/revisions"}],"predecessor-version":[{"id":15723,"href":"https:\/\/conexiontotal.press\/index.php\/wp-json\/wp\/v2\/posts\/15721\/revisions\/15723"}],"wp:featuredmedia":[{"embeddable":true,"href":"https:\/\/conexiontotal.press\/index.php\/wp-json\/wp\/v2\/media\/15722"}],"wp:attachment":[{"href":"https:\/\/conexiontotal.press\/index.php\/wp-json\/wp\/v2\/media?parent=15721"}],"wp:term":[{"taxonomy":"category","embeddable":true,"href":"https:\/\/conexiontotal.press\/index.php\/wp-json\/wp\/v2\/categories?post=15721"},{"taxonomy":"post_tag","embeddable":true,"href":"https:\/\/conexiontotal.press\/index.php\/wp-json\/wp\/v2\/tags?post=15721"}],"curies":[{"name":"wp","href":"https:\/\/api.w.org\/{rel}","templated":true}]}}