{"id":16553,"date":"2024-06-07T11:14:21","date_gmt":"2024-06-07T17:14:21","guid":{"rendered":"https:\/\/conexiontotal.press\/?p=16553"},"modified":"2024-06-07T11:14:21","modified_gmt":"2024-06-07T17:14:21","slug":"refuerzan-cerco-epidemiologico-por-las-gripe-aviar","status":"publish","type":"post","link":"https:\/\/conexiontotal.press\/index.php\/2024\/06\/07\/refuerzan-cerco-epidemiologico-por-las-gripe-aviar\/","title":{"rendered":"Refuerzan cerco epidemi\u00f3logico por las gripe aviar"},"content":{"rendered":"<p>VICTORIA, Tamps.- La Secretar\u00eda de Salud en Tamaulipas reforz\u00f3 la vigilancia epidemiol\u00f3gica en el estado luego de darse a conocer el primer fallecimiento de una persona supuestamente por gripe aviar, por lo que apoyados de COEPRIS y otras instancias sanitarias se hacen revisiones en cruces fronterizos por el ingreso de diversos animales y productos.<\/p>\n<p>Vicente Joel Hern\u00e1ndez Navarro secretario de salud en el estado dijo que hasta ahora no hay un motivo de alarma seria en el estado, y que el caso registrado en el estado de M\u00e9xico, sigue en estudio, aqu\u00ed la influenza aviar a\u00fan no se ha propagado en seres humanos, pero se est\u00e1 <span class=\"Apple-converted-space\">\u00a0 <\/span>muy en alerta para que esto no ocurra, se tiene dijo que identificar los cuadros de esta enfermedad con el prop\u00f3sito de dar tratamiento para detener la posible incidencia en series humanos.<\/p>\n<p>Reiter\u00f3 que los casos de gripe aviar se da principalmente en las aves y ocasionalmente sucede en el humano, aunque no con la alta frecuencia como la que se da en las aves, pero evidentemente hay s\u00edntomas que van desde los leves hasta los complicados que llega a producir incluso la muerte y en este caso se toman las medidas epidemiol\u00f3gicas pertinentes, d\u00e1ndole seguimiento en los sitios donde se han presentado.<\/p>\n<p>Recalc\u00f3 que se da un seguimiento epidemiol\u00f3gico,<span class=\"Apple-converted-space\">\u00a0 <\/span>hay una revisi\u00f3n de COEPRIS y la revisi\u00f3n epidemiol\u00f3gica y evidentemente ante los casos que se presenten de enfermedad de las aves, estar\u00e1 presente tambi\u00e9n en la vigilancia epidemiol\u00f3gica de los seres humanos, ya que siempre existe la posibilidad y estamos vigilantes ante una crisis,<span class=\"Apple-converted-space\">\u00a0 <\/span>ya son varias crisis las que se han dado en temas de salud, por eso es que se esta atento de la evoluci\u00f3n de esta<span class=\"Apple-converted-space\">\u00a0 <\/span>a nivel nacional y el posible impacto en el estado.<\/p>\n<p>Por el momento solo se fortalece la vigilancia epidemiol\u00f3gica en coordinaci\u00f3n con diferentes instancias involucradas en el tema para efecto de que esto tenga mayores repercusiones en la salud.<\/p>\n<p>MEDIDAS:Refuerzan revisiones en cruces fronterizos para evitar la llegada de esta enfermedad<\/p>\n<p>Por Salvador Valadez C.<\/p>\n<p>EXPRESO-LA RAZON<\/p>\n","protected":false},"excerpt":{"rendered":"<p>VICTORIA, Tamps.- La Secretar\u00eda de Salud en Tamaulipas reforz\u00f3 la vigilancia epidemiol\u00f3gica en el estado luego de darse a conocer el primer fallecimiento de una persona supuestamente por gripe aviar, por lo que apoyados de COEPRIS y otras instancias sanitarias se hacen revisiones en cruces fronterizos por el ingreso de diversos animales y productos. Vicente [&hellip;]<\/p>\n","protected":false},"author":4,"featured_media":16554,"comment_status":"closed","ping_status":"closed","sticky":false,"template":"","format":"standard","meta":{"footnotes":""},"categories":[3],"tags":[],"class_list":["post-16553","post","type-post","status-publish","format-standard","has-post-thumbnail","hentry","category-victoria"],"_links":{"self":[{"href":"https:\/\/conexiontotal.press\/index.php\/wp-json\/wp\/v2\/posts\/16553","targetHints":{"allow":["GET"]}}],"collection":[{"href":"https:\/\/conexiontotal.press\/index.php\/wp-json\/wp\/v2\/posts"}],"about":[{"href":"https:\/\/conexiontotal.press\/index.php\/wp-json\/wp\/v2\/types\/post"}],"author":[{"embeddable":true,"href":"https:\/\/conexiontotal.press\/index.php\/wp-json\/wp\/v2\/users\/4"}],"replies":[{"embeddable":true,"href":"https:\/\/conexiontotal.press\/index.php\/wp-json\/wp\/v2\/comments?post=16553"}],"version-history":[{"count":1,"href":"https:\/\/conexiontotal.press\/index.php\/wp-json\/wp\/v2\/posts\/16553\/revisions"}],"predecessor-version":[{"id":16555,"href":"https:\/\/conexiontotal.press\/index.php\/wp-json\/wp\/v2\/posts\/16553\/revisions\/16555"}],"wp:featuredmedia":[{"embeddable":true,"href":"https:\/\/conexiontotal.press\/index.php\/wp-json\/wp\/v2\/media\/16554"}],"wp:attachment":[{"href":"https:\/\/conexiontotal.press\/index.php\/wp-json\/wp\/v2\/media?parent=16553"}],"wp:term":[{"taxonomy":"category","embeddable":true,"href":"https:\/\/conexiontotal.press\/index.php\/wp-json\/wp\/v2\/categories?post=16553"},{"taxonomy":"post_tag","embeddable":true,"href":"https:\/\/conexiontotal.press\/index.php\/wp-json\/wp\/v2\/tags?post=16553"}],"curies":[{"name":"wp","href":"https:\/\/api.w.org\/{rel}","templated":true}]}}