{"id":17057,"date":"2024-07-22T20:10:33","date_gmt":"2024-07-23T02:10:33","guid":{"rendered":"https:\/\/conexiontotal.press\/?p=17057"},"modified":"2024-07-22T20:10:39","modified_gmt":"2024-07-23T02:10:39","slug":"triste-adios-a-un-guerrero-en-victoria-carlitos-ya-descansa-en-paz","status":"publish","type":"post","link":"https:\/\/conexiontotal.press\/index.php\/2024\/07\/22\/triste-adios-a-un-guerrero-en-victoria-carlitos-ya-descansa-en-paz\/","title":{"rendered":"Triste Adi\u00f3s a un Guerrero en Victoria: Carlitos ya descansa en Paz"},"content":{"rendered":"<p>CIUDAD VICTORIA, TAMAULIPAS.- En un d\u00eda marcado por la tristeza y el pesar, la comunidad victorense despide a Carlitos C\u00e1rdenas, un gran guerrero, tambi\u00e9n conocido como Shanty, que ha partido despu\u00e9s de una larga lucha contra el c\u00e1ncer.<\/p>\n<p>\u201cDios ha llamado a este guerrero\u201d, reson\u00f3 entre sus allegados, quienes enviaron un abrazo fuerte y deseos de pronta resignaci\u00f3n a la familia en este momento de profundo dolor.<\/p>\n<p>Hoy, el cielo recibe a un angelito dejando una huella imborrable en quienes tuvieron el privilegio de conocerlo.<\/p>\n<p>QEPD CARLOS \u201cSHANTY\u201d C\u00c1RDENAS<\/p>\n<p>Por Ra\u00fal L\u00f3pez Garc\u00eda<\/p>\n","protected":false},"excerpt":{"rendered":"<p>CIUDAD VICTORIA, TAMAULIPAS.- En un d\u00eda marcado por la tristeza y el pesar, la comunidad victorense despide a Carlitos C\u00e1rdenas, un gran guerrero, tambi\u00e9n conocido como Shanty, que ha partido despu\u00e9s de una larga lucha contra el c\u00e1ncer. \u201cDios ha llamado a este guerrero\u201d, reson\u00f3 entre sus allegados, quienes enviaron un abrazo fuerte y deseos [&hellip;]<\/p>\n","protected":false},"author":4,"featured_media":17058,"comment_status":"closed","ping_status":"closed","sticky":false,"template":"","format":"standard","meta":{"footnotes":""},"categories":[3],"tags":[],"class_list":["post-17057","post","type-post","status-publish","format-standard","has-post-thumbnail","hentry","category-victoria"],"_links":{"self":[{"href":"https:\/\/conexiontotal.press\/index.php\/wp-json\/wp\/v2\/posts\/17057","targetHints":{"allow":["GET"]}}],"collection":[{"href":"https:\/\/conexiontotal.press\/index.php\/wp-json\/wp\/v2\/posts"}],"about":[{"href":"https:\/\/conexiontotal.press\/index.php\/wp-json\/wp\/v2\/types\/post"}],"author":[{"embeddable":true,"href":"https:\/\/conexiontotal.press\/index.php\/wp-json\/wp\/v2\/users\/4"}],"replies":[{"embeddable":true,"href":"https:\/\/conexiontotal.press\/index.php\/wp-json\/wp\/v2\/comments?post=17057"}],"version-history":[{"count":1,"href":"https:\/\/conexiontotal.press\/index.php\/wp-json\/wp\/v2\/posts\/17057\/revisions"}],"predecessor-version":[{"id":17059,"href":"https:\/\/conexiontotal.press\/index.php\/wp-json\/wp\/v2\/posts\/17057\/revisions\/17059"}],"wp:featuredmedia":[{"embeddable":true,"href":"https:\/\/conexiontotal.press\/index.php\/wp-json\/wp\/v2\/media\/17058"}],"wp:attachment":[{"href":"https:\/\/conexiontotal.press\/index.php\/wp-json\/wp\/v2\/media?parent=17057"}],"wp:term":[{"taxonomy":"category","embeddable":true,"href":"https:\/\/conexiontotal.press\/index.php\/wp-json\/wp\/v2\/categories?post=17057"},{"taxonomy":"post_tag","embeddable":true,"href":"https:\/\/conexiontotal.press\/index.php\/wp-json\/wp\/v2\/tags?post=17057"}],"curies":[{"name":"wp","href":"https:\/\/api.w.org\/{rel}","templated":true}]}}