{"id":17206,"date":"2024-08-01T14:07:09","date_gmt":"2024-08-01T20:07:09","guid":{"rendered":"https:\/\/conexiontotal.press\/?p=17206"},"modified":"2024-08-01T14:07:09","modified_gmt":"2024-08-01T20:07:09","slug":"se-investigaran-denuncias-de-oxxos-y-desmienten-rumores","status":"publish","type":"post","link":"https:\/\/conexiontotal.press\/index.php\/2024\/08\/01\/se-investigaran-denuncias-de-oxxos-y-desmienten-rumores\/","title":{"rendered":"Se Investigar\u00e1n denuncias de Oxxos y desmienten rumores"},"content":{"rendered":"<p>NUEVO LAREDO, Tam.- Las tiendas de conveniencia de Oxxo y estaciones de servicio reabrir\u00edan ma\u00f1ana viernes en Nuevo Laredo, luego de las reuniones que directivos de la empresa han sostenido con el gabinete de seguridad.<\/p>\n<p>El presidente Andres Manuel L\u00f3pez Obrador, inform\u00f3 durante la conferencia matutina del pasado mi\u00e9rcoles, que la Fiscal\u00eda General de la Rep\u00fablica (FGR) tom\u00f3 la denuncia del caso y se llevaron a cabo reuniones con los directivos, estando presente el Secretario General de Gobierno de Tamaulipas.<\/p>\n<p>\u201cEst\u00e1 abierta la investigaci\u00f3n, desde que hicieron la denuncia de los Oxxos en Nuevo Laredo, se convoc\u00f3 a una reuni\u00f3n que se tuvo con este prop\u00f3sito en Reynosa o Victoria, no tengo el dato\u201d, se\u00f1al\u00f3 el mandatario en la citada conferencia en Palacio de Gobierno.<\/p>\n<p>De acuerdo con fuentes consultadas del Gabinete de Seguridad, hasta el momento ninguna otra empresa ha informado alguna situaci\u00f3n de riesgo, por lo que se descartan m\u00e1s cierres.<\/p>\n<p>\u201cAnte los diversos rumores de m\u00e1s cierres de tiendas de autoservicio y comercios en Nuevo Laredo, como Coppel, Chedraui y Smart, se pide a la ciudadan\u00eda en general, hacer caso omiso a noticias falsas que circulan a trav\u00e9s de redes sociales, incluso se prev\u00e9 que los Oxxo reanuden labores a partir de ma\u00f1ana viernes 2 de agosto\u201d.<\/p>\n<p>Explic\u00f3 que hasta el momento no se ha emitido comunicado oficial por parte de los directivos de las empresas mencionadas, y en tanto, todos los negocios locales como nacionales y empresas trasnacionales, contin\u00faan trabajando de manera habitual.<\/p>\n<p>Staff<\/p>\n","protected":false},"excerpt":{"rendered":"<p>NUEVO LAREDO, Tam.- Las tiendas de conveniencia de Oxxo y estaciones de servicio reabrir\u00edan ma\u00f1ana viernes en Nuevo Laredo, luego de las reuniones que directivos de la empresa han sostenido con el gabinete de seguridad. El presidente Andres Manuel L\u00f3pez Obrador, inform\u00f3 durante la conferencia matutina del pasado mi\u00e9rcoles, que la Fiscal\u00eda General de la [&hellip;]<\/p>\n","protected":false},"author":4,"featured_media":17207,"comment_status":"closed","ping_status":"closed","sticky":false,"template":"","format":"standard","meta":{"footnotes":""},"categories":[20],"tags":[],"class_list":["post-17206","post","type-post","status-publish","format-standard","has-post-thumbnail","hentry","category-frontera"],"_links":{"self":[{"href":"https:\/\/conexiontotal.press\/index.php\/wp-json\/wp\/v2\/posts\/17206","targetHints":{"allow":["GET"]}}],"collection":[{"href":"https:\/\/conexiontotal.press\/index.php\/wp-json\/wp\/v2\/posts"}],"about":[{"href":"https:\/\/conexiontotal.press\/index.php\/wp-json\/wp\/v2\/types\/post"}],"author":[{"embeddable":true,"href":"https:\/\/conexiontotal.press\/index.php\/wp-json\/wp\/v2\/users\/4"}],"replies":[{"embeddable":true,"href":"https:\/\/conexiontotal.press\/index.php\/wp-json\/wp\/v2\/comments?post=17206"}],"version-history":[{"count":1,"href":"https:\/\/conexiontotal.press\/index.php\/wp-json\/wp\/v2\/posts\/17206\/revisions"}],"predecessor-version":[{"id":17208,"href":"https:\/\/conexiontotal.press\/index.php\/wp-json\/wp\/v2\/posts\/17206\/revisions\/17208"}],"wp:featuredmedia":[{"embeddable":true,"href":"https:\/\/conexiontotal.press\/index.php\/wp-json\/wp\/v2\/media\/17207"}],"wp:attachment":[{"href":"https:\/\/conexiontotal.press\/index.php\/wp-json\/wp\/v2\/media?parent=17206"}],"wp:term":[{"taxonomy":"category","embeddable":true,"href":"https:\/\/conexiontotal.press\/index.php\/wp-json\/wp\/v2\/categories?post=17206"},{"taxonomy":"post_tag","embeddable":true,"href":"https:\/\/conexiontotal.press\/index.php\/wp-json\/wp\/v2\/tags?post=17206"}],"curies":[{"name":"wp","href":"https:\/\/api.w.org\/{rel}","templated":true}]}}