{"id":17258,"date":"2024-08-01T16:24:35","date_gmt":"2024-08-01T22:24:35","guid":{"rendered":"https:\/\/conexiontotal.press\/?p=17258"},"modified":"2024-08-01T16:24:35","modified_gmt":"2024-08-01T22:24:35","slug":"murio-jose-de-jesus-chuco-ponce-leyenda-de-chivas-de-guadalajara-tenia-95-anos-de-edad","status":"publish","type":"post","link":"https:\/\/conexiontotal.press\/index.php\/2024\/08\/01\/murio-jose-de-jesus-chuco-ponce-leyenda-de-chivas-de-guadalajara-tenia-95-anos-de-edad\/","title":{"rendered":"Muri\u00f3 Jos\u00e9 de Jes\u00fas &#8216;Chuco&#8217; Ponce, leyenda de Chivas de Guadalajara, ten\u00eda 95 a\u00f1os de edad"},"content":{"rendered":"<p>CIUDAD DE M\u00c9XICO.- Falleci\u00f3 una de las leyendas de las Chivas, se trata de Jos\u00e9 de Jes\u00fas Ponce Labastida, quien fue parte del Campeon\u00edsimo, as\u00ed lo inform\u00f3 el club rojiblanco en sus redes sociales.<\/p>\n<p>\u201cCon profunda tristeza lamentamos el sensible fallecimiento de nuestro Campeon\u00edsimo Jos\u00e9 de Jes\u00fas Chuco Ponce, una Leyenda del Guadalajara. Acompa\u00f1amos a sus familiares y amigos en estos dif\u00edciles momentos\u201d, public\u00f3 el club en sus redes sociales.<\/p>\n<blockquote class=\"twitter-tweet\">\n<p dir=\"ltr\" lang=\"es\">Con profunda tristeza lamentamos el sensible fallecimiento de nuestro Campeon\u00edsimo Jos\u00e9 de Jes\u00fas \u2018Chuco\u2019 Ponce, una Leyenda del Guadalajara.<\/p>\n<p>Acompa\u00f1amos a sus familiares y amigos en estos dif\u00edciles momentos. <a href=\"https:\/\/t.co\/1y3z7MO1RI\">pic.twitter.com\/1y3z7MO1RI<\/a><\/p>\n<p>\u2014 CHIVAS (@Chivas) <a href=\"https:\/\/twitter.com\/Chivas\/status\/1819039198969471184?ref_src=twsrc%5Etfw\">August 1, 2024<\/a><\/p><\/blockquote>\n<p><script async src=\"https:\/\/platform.twitter.com\/widgets.js\" charset=\"utf-8\"><\/script><\/p>\n<p>\u00bfQui\u00e9n era Chuco Ponce, leyenda de Chivas?<\/p>\n<p>El Chuco Ponce lleg\u00f3 al Reba\u00f1o Sagrado a los 17 a\u00f1os, debut\u00f3 con el equipo en la temporada de 1947-1948, lo hizo con un par de anotaciones ante el Atlante en su presentaci\u00f3n.<\/p>\n<p>Registr\u00f3 40 goles en su etapa con el Guadalajara durante la \u00e9poca del \u201cYa M\u00e9rito\u201d, que precedi\u00f3 a la era de oro del \u201cCampeon\u00edsimo\u201d.<\/p>\n<p>Tras su retirada, se prepar\u00f3 para continuar su carrera en los banquillos y fue parte del cuerpo t\u00e9cnico del Ingeniero Javier de la Torre.<\/p>\n<p>\u201cEl Chuco Ponce fue, es y ser\u00e1 un referente en la historia del Club Deportivo Guadalajara, pues mostr\u00f3 el camino para todos esos j\u00f3venes que buscan trascender en la historia de las Chivas. Descanse en paz, Jos\u00e9 de Jes\u00fas Ponce Labastida\u201d, escribi\u00f3 el club.<\/p>\n<p>Mientras que sus familiares recordaron su legado y publicaron im\u00e1genes de la leyenda rojiblanca, en la red social de X.<\/p>\n<p>\u201cOrgullosos de lo que lograste de tu vida, nos dejaste grandes ense\u00f1anzas a todos los que te rodeamos, una verdadera leyenda rojiblanca. Descansa en paz abuelo\u201d, escribi\u00f3 su nieto, Jos\u00e9 Ponce.<\/p>\n<blockquote class=\"twitter-tweet\">\n<p dir=\"ltr\" lang=\"es\">Orgulloso de lo que lograste a lo largo de tu vida, nos dejaste grandes ense\u00f1anzas a todos los que te rodeamos,una verdadera leyenda rojiblanca,descansa en paz abuelo!<\/p>\n<p>Jes\u00fas &#8220;Chuco&#8221; Ponce <a href=\"https:\/\/t.co\/BYdymfn3GF\">pic.twitter.com\/BYdymfn3GF<\/a><\/p>\n<p>\u2014 Jos\u00e9 Ponce (@Jose83_ponce) <a href=\"https:\/\/twitter.com\/Jose83_ponce\/status\/1819010860368490709?ref_src=twsrc%5Etfw\">August 1, 2024<\/a><\/p><\/blockquote>\n<p><script async src=\"https:\/\/platform.twitter.com\/widgets.js\" charset=\"utf-8\"><\/script><\/p>\n<p>Con informaci\u00f3n de MILENIO<\/p>\n","protected":false},"excerpt":{"rendered":"<p>CIUDAD DE M\u00c9XICO.- Falleci\u00f3 una de las leyendas de las Chivas, se trata de Jos\u00e9 de Jes\u00fas Ponce Labastida, quien fue parte del Campeon\u00edsimo, as\u00ed lo inform\u00f3 el club rojiblanco en sus redes sociales. \u201cCon profunda tristeza lamentamos el sensible fallecimiento de nuestro Campeon\u00edsimo Jos\u00e9 de Jes\u00fas Chuco Ponce, una Leyenda del Guadalajara. Acompa\u00f1amos a [&hellip;]<\/p>\n","protected":false},"author":4,"featured_media":17259,"comment_status":"closed","ping_status":"closed","sticky":false,"template":"","format":"standard","meta":{"footnotes":""},"categories":[15],"tags":[],"class_list":["post-17258","post","type-post","status-publish","format-standard","has-post-thumbnail","hentry","category-deportes"],"_links":{"self":[{"href":"https:\/\/conexiontotal.press\/index.php\/wp-json\/wp\/v2\/posts\/17258","targetHints":{"allow":["GET"]}}],"collection":[{"href":"https:\/\/conexiontotal.press\/index.php\/wp-json\/wp\/v2\/posts"}],"about":[{"href":"https:\/\/conexiontotal.press\/index.php\/wp-json\/wp\/v2\/types\/post"}],"author":[{"embeddable":true,"href":"https:\/\/conexiontotal.press\/index.php\/wp-json\/wp\/v2\/users\/4"}],"replies":[{"embeddable":true,"href":"https:\/\/conexiontotal.press\/index.php\/wp-json\/wp\/v2\/comments?post=17258"}],"version-history":[{"count":1,"href":"https:\/\/conexiontotal.press\/index.php\/wp-json\/wp\/v2\/posts\/17258\/revisions"}],"predecessor-version":[{"id":17260,"href":"https:\/\/conexiontotal.press\/index.php\/wp-json\/wp\/v2\/posts\/17258\/revisions\/17260"}],"wp:featuredmedia":[{"embeddable":true,"href":"https:\/\/conexiontotal.press\/index.php\/wp-json\/wp\/v2\/media\/17259"}],"wp:attachment":[{"href":"https:\/\/conexiontotal.press\/index.php\/wp-json\/wp\/v2\/media?parent=17258"}],"wp:term":[{"taxonomy":"category","embeddable":true,"href":"https:\/\/conexiontotal.press\/index.php\/wp-json\/wp\/v2\/categories?post=17258"},{"taxonomy":"post_tag","embeddable":true,"href":"https:\/\/conexiontotal.press\/index.php\/wp-json\/wp\/v2\/tags?post=17258"}],"curies":[{"name":"wp","href":"https:\/\/api.w.org\/{rel}","templated":true}]}}