{"id":17279,"date":"2024-08-07T10:27:45","date_gmt":"2024-08-07T16:27:45","guid":{"rendered":"https:\/\/conexiontotal.press\/?p=17279"},"modified":"2024-08-07T10:27:45","modified_gmt":"2024-08-07T16:27:45","slug":"presenta-americo-a-claudia-sheinbaum-los-proyectos-estrategicos-de-tamaulipas","status":"publish","type":"post","link":"https:\/\/conexiontotal.press\/index.php\/2024\/08\/07\/presenta-americo-a-claudia-sheinbaum-los-proyectos-estrategicos-de-tamaulipas\/","title":{"rendered":"Presenta Am\u00e9rico a Claudia Sheinbaum los proyectos estrat\u00e9gicos de Tamaulipas"},"content":{"rendered":"<p>El gobernador Am\u00e9rico Villarreal Anaya present\u00f3 a la presidenta electa, Claudia Sheinbaum, y a quienes formar\u00e1n parte de su gabinete, los proyectos estrat\u00e9gicos que fortalecer\u00e1n y modernizar\u00e1n a Tamaulipas en los pr\u00f3ximos a\u00f1os.<\/p>\n<p>En esta reuni\u00f3n, donde tambi\u00e9n participaron los mandatarios de la regi\u00f3n noreste del pa\u00eds, el ejecutivo estatal ponder\u00f3 cada uno de los proyectos y la trascendencia de estos, que pondr\u00e1n a Tamaulipas en la escena nacional e internacional y que se reflejar\u00e1n en empleos y bienestar para las y los tamaulipecos.<\/p>\n<p>En conferencia de prensa, la presidenta electa dijo que, de acuerdo al presupuesto federal de 2025, estar\u00e1 contemplada una obra prioritaria por estado.<\/p>\n<p>Claudia Sheinbaum, despu\u00e9s de la reuni\u00f3n con los gobernadores del noreste, detall\u00f3 los pormenores del encuentro.<\/p>\n<p>Aparte del gobernador de Tamaulipas, Am\u00e9rico Villarreal Anaya, asistieron los mandatarios de Nuevo Le\u00f3n, Samuel Garc\u00eda; de Coahuila, Manolo Jim\u00e9nez; de Durango, Esteban Villegas; de San Luis Potos\u00ed, Ricardo Gallardo; de Aguascalientes Tere Jim\u00e9nez; de Zacatecas, David Monreal y Roc\u00edo Nahle, gobernadora electa de Veracruz.<\/p>\n<p>&nbsp;<\/p>\n<p>STAFF<span class=\"Apple-converted-space\">\u00a0<\/span><\/p>\n","protected":false},"excerpt":{"rendered":"<p>El gobernador Am\u00e9rico Villarreal Anaya present\u00f3 a la presidenta electa, Claudia Sheinbaum, y a quienes formar\u00e1n parte de su gabinete, los proyectos estrat\u00e9gicos que fortalecer\u00e1n y modernizar\u00e1n a Tamaulipas en los pr\u00f3ximos a\u00f1os. En esta reuni\u00f3n, donde tambi\u00e9n participaron los mandatarios de la regi\u00f3n noreste del pa\u00eds, el ejecutivo estatal ponder\u00f3 cada uno de los [&hellip;]<\/p>\n","protected":false},"author":4,"featured_media":17280,"comment_status":"closed","ping_status":"closed","sticky":false,"template":"","format":"standard","meta":{"footnotes":""},"categories":[3],"tags":[],"class_list":["post-17279","post","type-post","status-publish","format-standard","has-post-thumbnail","hentry","category-victoria"],"_links":{"self":[{"href":"https:\/\/conexiontotal.press\/index.php\/wp-json\/wp\/v2\/posts\/17279","targetHints":{"allow":["GET"]}}],"collection":[{"href":"https:\/\/conexiontotal.press\/index.php\/wp-json\/wp\/v2\/posts"}],"about":[{"href":"https:\/\/conexiontotal.press\/index.php\/wp-json\/wp\/v2\/types\/post"}],"author":[{"embeddable":true,"href":"https:\/\/conexiontotal.press\/index.php\/wp-json\/wp\/v2\/users\/4"}],"replies":[{"embeddable":true,"href":"https:\/\/conexiontotal.press\/index.php\/wp-json\/wp\/v2\/comments?post=17279"}],"version-history":[{"count":1,"href":"https:\/\/conexiontotal.press\/index.php\/wp-json\/wp\/v2\/posts\/17279\/revisions"}],"predecessor-version":[{"id":17281,"href":"https:\/\/conexiontotal.press\/index.php\/wp-json\/wp\/v2\/posts\/17279\/revisions\/17281"}],"wp:featuredmedia":[{"embeddable":true,"href":"https:\/\/conexiontotal.press\/index.php\/wp-json\/wp\/v2\/media\/17280"}],"wp:attachment":[{"href":"https:\/\/conexiontotal.press\/index.php\/wp-json\/wp\/v2\/media?parent=17279"}],"wp:term":[{"taxonomy":"category","embeddable":true,"href":"https:\/\/conexiontotal.press\/index.php\/wp-json\/wp\/v2\/categories?post=17279"},{"taxonomy":"post_tag","embeddable":true,"href":"https:\/\/conexiontotal.press\/index.php\/wp-json\/wp\/v2\/tags?post=17279"}],"curies":[{"name":"wp","href":"https:\/\/api.w.org\/{rel}","templated":true}]}}