{"id":17282,"date":"2024-08-07T14:15:02","date_gmt":"2024-08-07T20:15:02","guid":{"rendered":"https:\/\/conexiontotal.press\/?p=17282"},"modified":"2024-08-07T14:15:02","modified_gmt":"2024-08-07T20:15:02","slug":"detienen-a-dos-tras-las-balaceras-en-reynosa","status":"publish","type":"post","link":"https:\/\/conexiontotal.press\/index.php\/2024\/08\/07\/detienen-a-dos-tras-las-balaceras-en-reynosa\/","title":{"rendered":"Detienen a dos tras las balaceras en Reynosa"},"content":{"rendered":"<p>VICTORIA, Tam.- La Vocer\u00eda de Seguridad P\u00fablica inform\u00f3 que las autoridades liberaron los bloqueos que se registraron esta ma\u00f1ana en varios puntos de Reynosa, Tamaulipas.<span class=\"Apple-converted-space\">\u00a0<\/span><\/p>\n<p>Y en la colonia Valle Soleado se logr\u00f3 la detenci\u00f3n de dos masculinos que fueron puestos a disposici\u00f3n de las corporaciones correspondientes.<span class=\"Apple-converted-space\">\u00a0<\/span><\/p>\n<p>Entre enfrentamientos y balaceras despert\u00f3 este Mi\u00e9rcoles Reynosa, provocando que ciudadanos llegaran tarde a sus centros de trabajo, luego que delincuentes utilizaron autobuses de transporte de personal y de carga para bloquear algunos puntos de la carretera San Fernando-Reynosa.<\/p>\n<p>Alrededor de las 6:00 horas, se reportaron bloqueos con veh\u00edculos en la carretera Reynosa-San Fernando a la altura de la antigua aduana de Reynosa; otro m\u00e1s a la altura del parque e\u00f3lico \u201cEl Cortijo\u201d, donde los delincuentes utilizaron camiones.<\/p>\n<p>Otro de los bloqueos con pipas se report\u00f3 en la colonia Rinc\u00f3n de las Flores y uno m\u00e1s se ubic\u00f3 en la colonia La Pir\u00e1mide, donde se utilizaron unidades del transporte de personal.<\/p>\n<p>Los reportes indican que hubo enfrentamientos entre grupos delictivos antag\u00f3nicos, pero tambi\u00e9n entre delincuentes y elementos de la Guardia Estatal y del Ej\u00e9rcito Mexicano.<\/p>\n<p>Perla Res\u00e9ndez<\/p>\n","protected":false},"excerpt":{"rendered":"<p>VICTORIA, Tam.- La Vocer\u00eda de Seguridad P\u00fablica inform\u00f3 que las autoridades liberaron los bloqueos que se registraron esta ma\u00f1ana en varios puntos de Reynosa, Tamaulipas.\u00a0 Y en la colonia Valle Soleado se logr\u00f3 la detenci\u00f3n de dos masculinos que fueron puestos a disposici\u00f3n de las corporaciones correspondientes.\u00a0 Entre enfrentamientos y balaceras despert\u00f3 este Mi\u00e9rcoles Reynosa, [&hellip;]<\/p>\n","protected":false},"author":4,"featured_media":17283,"comment_status":"closed","ping_status":"closed","sticky":false,"template":"","format":"standard","meta":{"footnotes":""},"categories":[20],"tags":[],"class_list":["post-17282","post","type-post","status-publish","format-standard","has-post-thumbnail","hentry","category-frontera"],"_links":{"self":[{"href":"https:\/\/conexiontotal.press\/index.php\/wp-json\/wp\/v2\/posts\/17282","targetHints":{"allow":["GET"]}}],"collection":[{"href":"https:\/\/conexiontotal.press\/index.php\/wp-json\/wp\/v2\/posts"}],"about":[{"href":"https:\/\/conexiontotal.press\/index.php\/wp-json\/wp\/v2\/types\/post"}],"author":[{"embeddable":true,"href":"https:\/\/conexiontotal.press\/index.php\/wp-json\/wp\/v2\/users\/4"}],"replies":[{"embeddable":true,"href":"https:\/\/conexiontotal.press\/index.php\/wp-json\/wp\/v2\/comments?post=17282"}],"version-history":[{"count":1,"href":"https:\/\/conexiontotal.press\/index.php\/wp-json\/wp\/v2\/posts\/17282\/revisions"}],"predecessor-version":[{"id":17284,"href":"https:\/\/conexiontotal.press\/index.php\/wp-json\/wp\/v2\/posts\/17282\/revisions\/17284"}],"wp:featuredmedia":[{"embeddable":true,"href":"https:\/\/conexiontotal.press\/index.php\/wp-json\/wp\/v2\/media\/17283"}],"wp:attachment":[{"href":"https:\/\/conexiontotal.press\/index.php\/wp-json\/wp\/v2\/media?parent=17282"}],"wp:term":[{"taxonomy":"category","embeddable":true,"href":"https:\/\/conexiontotal.press\/index.php\/wp-json\/wp\/v2\/categories?post=17282"},{"taxonomy":"post_tag","embeddable":true,"href":"https:\/\/conexiontotal.press\/index.php\/wp-json\/wp\/v2\/tags?post=17282"}],"curies":[{"name":"wp","href":"https:\/\/api.w.org\/{rel}","templated":true}]}}