{"id":17298,"date":"2024-08-13T11:12:06","date_gmt":"2024-08-13T17:12:06","guid":{"rendered":"https:\/\/conexiontotal.press\/?p=17298"},"modified":"2024-08-13T11:12:34","modified_gmt":"2024-08-13T17:12:34","slug":"aboga-set-por-reducir-el-ciclo-escolar","status":"publish","type":"post","link":"https:\/\/conexiontotal.press\/index.php\/2024\/08\/13\/aboga-set-por-reducir-el-ciclo-escolar\/","title":{"rendered":"Aboga SET por reducir el ciclo escolar"},"content":{"rendered":"<p>CIUDAD VICTORIA, TAMAULIPAS.- De aprobarse la propuesta de Tamaulipas sobre el ajuste al calendario escolar por parte de la Secretar\u00eda de Educaci\u00f3n a nivel nacional, el ciclo podr\u00eda concluir antes, espec\u00edficamente el 4 de julio en lugar del 16 de julio, revelaron este jueves autoridades educativas.<\/p>\n<p>Se destac\u00f3 que se hizo una propuesta a la federaci\u00f3n para realizar un ajuste, que se espera sea autorizado formalmente.<\/p>\n<div id=\"div-gpt-ad-81562907-2\" data-google-query-id=\"CPGHmtC68ocDFTePpgQdRlIPSw\">\n<div id=\"google_ads_iframe_\/21682791461\/ExPress2\/Express_300x250_1_0__container__\"><iframe id=\"google_ads_iframe_\/21682791461\/ExPress2\/Express_300x250_1_0\" tabindex=\"0\" title=\"3rd party ad content\" name=\"google_ads_iframe_\/21682791461\/ExPress2\/Express_300x250_1_0\" width=\"300\" height=\"250\" frameborder=\"0\" marginwidth=\"0\" marginheight=\"0\" scrolling=\"no\" aria-label=\"Advertisement\" data-load-complete=\"true\" data-google-container-id=\"2\" data-mce-fragment=\"1\"><\/iframe><\/div>\n<\/div>\n<p>La titular de la dependencia asiste esta semana a una reuni\u00f3n nacional de autoridades educativas en la Ciudad de M\u00e9xico, en la que se espera que se revise esta propuesta.<\/p>\n<p>La modificaci\u00f3n tiene como objetivo aprovechar algunos d\u00edas y adelantar el cierre del ciclo escolar hacia finales de junio o principios de julio, en lugar de extenderlo hasta mediados de julio. \u201cEsperamos que la propuesta sea autorizada por la Secretar\u00eda\u201d, indicaron las autoridades.<\/p>\n<div id=\"div-gpt-ad-81562907-3\" data-google-query-id=\"CPKHmtC68ocDFTePpgQdRlIPSw\">\n<div id=\"google_ads_iframe_\/21682791461\/ExPress2\/Express_300x250_2_0__container__\"><iframe id=\"google_ads_iframe_\/21682791461\/ExPress2\/Express_300x250_2_0\" tabindex=\"0\" title=\"3rd party ad content\" name=\"google_ads_iframe_\/21682791461\/ExPress2\/Express_300x250_2_0\" width=\"300\" height=\"250\" frameborder=\"0\" marginwidth=\"0\" marginheight=\"0\" scrolling=\"no\" aria-label=\"Advertisement\" data-load-complete=\"true\" data-google-container-id=\"3\" data-mce-fragment=\"1\"><\/iframe><\/div>\n<\/div>\n<p>Con esta propuesta de ajuste al calendario escolar, se busca aliviar un poco los d\u00edas de mayor calor en la zona norte del estado, permitiendo que los maestros cumplan con lo establecido por la ley de 185 d\u00edas de clases para garantizar la cobertura del programa de estudios. La fecha tentativa para concluir el ciclo ser\u00eda el 4 de julio en lugar del 16 de julio del pr\u00f3ximo a\u00f1o, tomando en cuenta las necesidades derivadas de la reciente ola de calor extremo.<\/p>\n<p>Asimismo, se inform\u00f3 que alrededor de 4 millones de libros de texto gratuitos ser\u00e1n distribuidos en todo el territorio. Adem\u00e1s, se har\u00e1 una cobertura total para que los estudiantes de preescolar a secundaria de escuelas p\u00fablicas reciban un paquete de \u00fatiles escolares, adecuado al grado en el que estudian. Tambi\u00e9n se entregar\u00e1n uniformes escolares en 21 municipios para apoyar la econom\u00eda familiar.<\/p>\n<p>En cuanto a las modificaciones en los libros de texto, se explic\u00f3 que los cambios en los materiales de preescolar se alinean al modelo de la Nueva Escuela Mexicana y al plan de estudios. Asimismo, se realizaron algunas modificaciones en los libros de secundaria. Gran parte de los libros de primaria ya incorporan desde el a\u00f1o pasado las modificaciones previstas en el plan de estudios, y se a\u00f1aden otros materiales para fortalecer los campos del pensamiento cient\u00edfico, espec\u00edficamente en matem\u00e1ticas y lenguaje en espa\u00f1ol.<\/p>\n<p>Por \u00faltimo, se anunci\u00f3 que se ha estado trabajando con el ITIFE para corregir instalaciones el\u00e9ctricas, hidr\u00e1ulicas y sanitarias en diversas escuelas. En los municipios de Reynosa y Altamira, todav\u00eda existen necesidades de obra nueva para complementar la infraestructura requerida por algunas secundarias, con el fin de poder albergar a los j\u00f3venes de nuevo ingreso.<\/p>\n<p>Por Salvador Valadez C.<br \/>\nEXPRESO-LA RAZON<\/p>\n","protected":false},"excerpt":{"rendered":"<p>CIUDAD VICTORIA, TAMAULIPAS.- De aprobarse la propuesta de Tamaulipas sobre el ajuste al calendario escolar por parte de la Secretar\u00eda de Educaci\u00f3n a nivel nacional, el ciclo podr\u00eda concluir antes, espec\u00edficamente el 4 de julio en lugar del 16 de julio, revelaron este jueves autoridades educativas. Se destac\u00f3 que se hizo una propuesta a la [&hellip;]<\/p>\n","protected":false},"author":4,"featured_media":17299,"comment_status":"closed","ping_status":"closed","sticky":false,"template":"","format":"standard","meta":{"footnotes":""},"categories":[3],"tags":[],"class_list":["post-17298","post","type-post","status-publish","format-standard","has-post-thumbnail","hentry","category-victoria"],"_links":{"self":[{"href":"https:\/\/conexiontotal.press\/index.php\/wp-json\/wp\/v2\/posts\/17298","targetHints":{"allow":["GET"]}}],"collection":[{"href":"https:\/\/conexiontotal.press\/index.php\/wp-json\/wp\/v2\/posts"}],"about":[{"href":"https:\/\/conexiontotal.press\/index.php\/wp-json\/wp\/v2\/types\/post"}],"author":[{"embeddable":true,"href":"https:\/\/conexiontotal.press\/index.php\/wp-json\/wp\/v2\/users\/4"}],"replies":[{"embeddable":true,"href":"https:\/\/conexiontotal.press\/index.php\/wp-json\/wp\/v2\/comments?post=17298"}],"version-history":[{"count":2,"href":"https:\/\/conexiontotal.press\/index.php\/wp-json\/wp\/v2\/posts\/17298\/revisions"}],"predecessor-version":[{"id":17301,"href":"https:\/\/conexiontotal.press\/index.php\/wp-json\/wp\/v2\/posts\/17298\/revisions\/17301"}],"wp:featuredmedia":[{"embeddable":true,"href":"https:\/\/conexiontotal.press\/index.php\/wp-json\/wp\/v2\/media\/17299"}],"wp:attachment":[{"href":"https:\/\/conexiontotal.press\/index.php\/wp-json\/wp\/v2\/media?parent=17298"}],"wp:term":[{"taxonomy":"category","embeddable":true,"href":"https:\/\/conexiontotal.press\/index.php\/wp-json\/wp\/v2\/categories?post=17298"},{"taxonomy":"post_tag","embeddable":true,"href":"https:\/\/conexiontotal.press\/index.php\/wp-json\/wp\/v2\/tags?post=17298"}],"curies":[{"name":"wp","href":"https:\/\/api.w.org\/{rel}","templated":true}]}}