{"id":17314,"date":"2024-08-13T11:41:08","date_gmt":"2024-08-13T17:41:08","guid":{"rendered":"https:\/\/conexiontotal.press\/?p=17314"},"modified":"2024-08-13T11:41:08","modified_gmt":"2024-08-13T17:41:08","slug":"fans-piden-que-saquen-a-adrian-marcelo-de-la-casa-de-los-famosos-antes-que-agreda-a-alguien","status":"publish","type":"post","link":"https:\/\/conexiontotal.press\/index.php\/2024\/08\/13\/fans-piden-que-saquen-a-adrian-marcelo-de-la-casa-de-los-famosos-antes-que-agreda-a-alguien\/","title":{"rendered":"Fans piden que saquen a Adri\u00e1n Marcelo de \u201cLa Casa de los Famosos\u201d antes que agreda a alguien"},"content":{"rendered":"<p>M\u00c9XICO.- Adri\u00e1n Marcelo enfureci\u00f3 la noche de ayer despu\u00e9s de que el equipo Mar celebrara que no sali\u00f3 nadie de sus integrantes, sin embargo, para el comediante y las celebridades de Tierra no hubo ninguna victoria, por lo que despu\u00e9s de la gala enfrent\u00f3 a Arath de la Torre y lo amenaz\u00f3 con empezar a jugar \u201cfuerte\u201d. Pero esta conducta alert\u00f3 a internautas en redes sociales y ahora lo acusan de \u201cpsic\u00f3pata\u201d y piden su salida.<\/p>\n<p>Despu\u00e9s de una semana muy pol\u00e9mica, la noche del domingo sali\u00f3 el tercer eliminado de La Casa de los Famosos M\u00e9xico. \u201cPotro\u201d no consigui\u00f3 los votos suficientes para ser salvado y termin\u00f3 fuera del reality. Esto ocasion\u00f3 que los integrantes de su cuarto comenzaran a planear otra estrategia pero esto se sali\u00f3 de control con las declaraciones de Adri\u00e1n Marcelo contra el equipo rival y el p\u00fablico ya no lo quiere dentro del programa.<\/p>\n<p><strong>Acusan a Adri\u00e1n Marcelo por sus conductas y fans piden sacarlo de \u201cLa Casa de los Famosos\u201d antes que agreda a alguien<\/strong><br \/>\nAdri\u00e1n Marcelo enfrent\u00f3 directamente a Arath de la Torre porque seg\u00fan el regiomontano le decepcion\u00f3 la actitud del conductor por dejarse llevar por las conductas y juegos de Gala Montes y Briggitte. Incluso le reclam\u00f3 por utilizar su depresi\u00f3n para tener un derecho en la casa.<\/p>\n<p>\u201c\u00bfQuieren jugar as\u00ed? yo no tengo nada que perder, ustedes son de Televisa, yo salgo de aqu\u00ed y me regreso a mi rancho\u201d, dijo el creador de contenido.<\/p>\n<p><iframe loading=\"lazy\" title=\"Adri\u00e1n Marcelo y Arath de la Torre SE ENGANCHAN y tienen FUERTE DISCUSI\u00d3N\" src=\"https:\/\/www.youtube.com\/embed\/nOgToktTOGw\" width=\"550\" height=\"309\" frameborder=\"0\" allowfullscreen=\"allowfullscreen\" data-mce-fragment=\"1\"><\/iframe><\/p>\n<p>Asimismo le se\u00f1al\u00f3 que no est\u00e1 durmiendo en las noches porque est\u00e1 ideando un plan que utilizar\u00e1 en la semana, y advirti\u00f3 que espera irse antes para que no tenga que hacer uso de su estrategia. Y aunque remarc\u00f3 que no era una amenaza lo que les estaba diciendo dijo que en los pr\u00f3ximos d\u00edas ven\u00eda \u201cfuerte\u201d.<\/p>\n<p>\u201cYo no estoy durmiendo en las noches porque acumulo cosas para seguirlas utilizando, ojal\u00e1 me vaya antes para no tener que utilizarlas, no es amenaza, para nada. Viene fuerte, se los digo as\u00ed, pero sobre todo es contigo (Arath de la Torre)\u201d, le se\u00f1al\u00f3.<\/p>\n<p><strong>\u201cTienen que sacarlo ya\u201d, dicen en redes sociales<\/strong><br \/>\nLas palabras de Adri\u00e1n Marcelo causaron molestia en televidentes y usuarios de redes sociales, por lo que piden a la producci\u00f3n que saquen de inmediato al influencer, pues aseguran que sus actitudes pueden lastimar a alguien e incluso remarcan que es un potencial violentador que podr\u00eda agredir a alguien.<\/p>\n<p>\u201c\u00a1Aguas! Tienen un psic\u00f3pata en casa. Quiere desquiciar a Gala y Arath y el \u00fanico que est\u00e1 enloqueciendo es \u00e9l. Cuidado.\u201d, \u201c\u00bfAdri\u00e1n Marcelo haci\u00e9ndose la v\u00edctima? Por qu\u00e9 permiten sus amenazas? Ya esto no es un juego\u201d, \u201cYa esto no es un juego, perd\u00f3n pero ese se\u00f1or cumple todo el perfil de un psic\u00f3pata, y s\u00ed, es una palabra muy fuerte\u201d, fueron los comentarios de internautas en redes sociales.<\/p>\n<div class=\"twitter-tweet twitter-tweet-rendered\"><iframe id=\"twitter-widget-0\" class=\"\" title=\"X Post\" src=\"https:\/\/platform.twitter.com\/embed\/Tweet.html?dnt=false&amp;embedId=twitter-widget-0&amp;features=eyJ0ZndfdGltZWxpbmVfbGlzdCI6eyJidWNrZXQiOltdLCJ2ZXJzaW9uIjpudWxsfSwidGZ3X2ZvbGxvd2VyX2NvdW50X3N1bnNldCI6eyJidWNrZXQiOnRydWUsInZlcnNpb24iOm51bGx9LCJ0ZndfdHdlZXRfZWRpdF9iYWNrZW5kIjp7ImJ1Y2tldCI6Im9uIiwidmVyc2lvbiI6bnVsbH0sInRmd19yZWZzcmNfc2Vzc2lvbiI6eyJidWNrZXQiOiJvbiIsInZlcnNpb24iOm51bGx9LCJ0ZndfZm9zbnJfc29mdF9pbnRlcnZlbnRpb25zX2VuYWJsZWQiOnsiYnVja2V0Ijoib24iLCJ2ZXJzaW9uIjpudWxsfSwidGZ3X21peGVkX21lZGlhXzE1ODk3Ijp7ImJ1Y2tldCI6InRyZWF0bWVudCIsInZlcnNpb24iOm51bGx9LCJ0ZndfZXhwZXJpbWVudHNfY29va2llX2V4cGlyYXRpb24iOnsiYnVja2V0IjoxMjA5NjAwLCJ2ZXJzaW9uIjpudWxsfSwidGZ3X3Nob3dfYmlyZHdhdGNoX3Bpdm90c19lbmFibGVkIjp7ImJ1Y2tldCI6Im9uIiwidmVyc2lvbiI6bnVsbH0sInRmd19kdXBsaWNhdGVfc2NyaWJlc190b19zZXR0aW5ncyI6eyJidWNrZXQiOiJvbiIsInZlcnNpb24iOm51bGx9LCJ0ZndfdXNlX3Byb2ZpbGVfaW1hZ2Vfc2hhcGVfZW5hYmxlZCI6eyJidWNrZXQiOiJvbiIsInZlcnNpb24iOm51bGx9LCJ0ZndfdmlkZW9faGxzX2R5bmFtaWNfbWFuaWZlc3RzXzE1MDgyIjp7ImJ1Y2tldCI6InRydWVfYml0cmF0ZSIsInZlcnNpb24iOm51bGx9LCJ0ZndfbGVnYWN5X3RpbWVsaW5lX3N1bnNldCI6eyJidWNrZXQiOnRydWUsInZlcnNpb24iOm51bGx9LCJ0ZndfdHdlZXRfZWRpdF9mcm9udGVuZCI6eyJidWNrZXQiOiJvbiIsInZlcnNpb24iOm51bGx9fQ%3D%3D&amp;frame=false&amp;hideCard=false&amp;hideThread=false&amp;id=1822879974933630987&amp;lang=es&amp;origin=https%3A%2F%2Fexpreso.press%2F2024%2F08%2F12%2Ffans-piden-que-saquen-a-adrian-marcelo-de-la-casa-de-los-famosos-antes-que-agreda-a-alguien%2F&amp;sessionId=3a31596d8fb929ff3fa89f8db36ae8a07b5866e5&amp;theme=light&amp;widgetsVersion=2615f7e52b7e0%3A1702314776716&amp;width=550px\" frameborder=\"0\" scrolling=\"no\" allowfullscreen=\"allowfullscreen\" data-tweet-id=\"1822879974933630987\" data-mce-fragment=\"1\"><\/iframe><\/div>\n<p>&nbsp;<\/p>\n<p>CON INFORMACI\u00d3N DE EL HERALDO DE M\u00c9XICO<\/p>\n","protected":false},"excerpt":{"rendered":"<p>M\u00c9XICO.- Adri\u00e1n Marcelo enfureci\u00f3 la noche de ayer despu\u00e9s de que el equipo Mar celebrara que no sali\u00f3 nadie de sus integrantes, sin embargo, para el comediante y las celebridades de Tierra no hubo ninguna victoria, por lo que despu\u00e9s de la gala enfrent\u00f3 a Arath de la Torre y lo amenaz\u00f3 con empezar a [&hellip;]<\/p>\n","protected":false},"author":4,"featured_media":17315,"comment_status":"closed","ping_status":"closed","sticky":false,"template":"","format":"standard","meta":{"footnotes":""},"categories":[16],"tags":[],"class_list":["post-17314","post","type-post","status-publish","format-standard","has-post-thumbnail","hentry","category-espectaculos"],"_links":{"self":[{"href":"https:\/\/conexiontotal.press\/index.php\/wp-json\/wp\/v2\/posts\/17314","targetHints":{"allow":["GET"]}}],"collection":[{"href":"https:\/\/conexiontotal.press\/index.php\/wp-json\/wp\/v2\/posts"}],"about":[{"href":"https:\/\/conexiontotal.press\/index.php\/wp-json\/wp\/v2\/types\/post"}],"author":[{"embeddable":true,"href":"https:\/\/conexiontotal.press\/index.php\/wp-json\/wp\/v2\/users\/4"}],"replies":[{"embeddable":true,"href":"https:\/\/conexiontotal.press\/index.php\/wp-json\/wp\/v2\/comments?post=17314"}],"version-history":[{"count":1,"href":"https:\/\/conexiontotal.press\/index.php\/wp-json\/wp\/v2\/posts\/17314\/revisions"}],"predecessor-version":[{"id":17316,"href":"https:\/\/conexiontotal.press\/index.php\/wp-json\/wp\/v2\/posts\/17314\/revisions\/17316"}],"wp:featuredmedia":[{"embeddable":true,"href":"https:\/\/conexiontotal.press\/index.php\/wp-json\/wp\/v2\/media\/17315"}],"wp:attachment":[{"href":"https:\/\/conexiontotal.press\/index.php\/wp-json\/wp\/v2\/media?parent=17314"}],"wp:term":[{"taxonomy":"category","embeddable":true,"href":"https:\/\/conexiontotal.press\/index.php\/wp-json\/wp\/v2\/categories?post=17314"},{"taxonomy":"post_tag","embeddable":true,"href":"https:\/\/conexiontotal.press\/index.php\/wp-json\/wp\/v2\/tags?post=17314"}],"curies":[{"name":"wp","href":"https:\/\/api.w.org\/{rel}","templated":true}]}}