{"id":17324,"date":"2024-08-13T11:50:48","date_gmt":"2024-08-13T17:50:48","guid":{"rendered":"https:\/\/conexiontotal.press\/?p=17324"},"modified":"2024-08-13T11:50:48","modified_gmt":"2024-08-13T17:50:48","slug":"marco-verde-nego-la-supuesta-falta-de-apoyo-de-conade","status":"publish","type":"post","link":"https:\/\/conexiontotal.press\/index.php\/2024\/08\/13\/marco-verde-nego-la-supuesta-falta-de-apoyo-de-conade\/","title":{"rendered":"Marco Verde neg\u00f3 la supuesta falta de apoyo de CONADE"},"content":{"rendered":"<div class=\"elementor-element elementor-element-5f3828a0 elementor-widget elementor-widget-theme-post-content\" data-id=\"5f3828a0\" data-element_type=\"widget\" data-widget_type=\"theme-post-content.default\">\n<div class=\"elementor-widget-container\">\n<p>M\u00c9XICO.- Marco Verde se gan\u00f3 el coraz\u00f3n de muchos aficionados por sus actuaciones en el ring pero adem\u00e1s por la historia que hay detr\u00e1s de su participaci\u00f3n en los Juegos Ol\u00edmpicos de Par\u00eds 2024.<\/p>\n<p>Y es que conforme Marco Verde iba avanzando en la competencia de boxeo de los Juegos Ol\u00edmpicos de Par\u00eds 2024 salieron a la luz los detalles que hizo para poder cumplir su sue\u00f1o de participar en la justa ol\u00edmpica.<\/p>\n<div class=\"google-auto-placed ap_container\"><ins class=\"adsbygoogle adsbygoogle-noablate\" data-ad-format=\"auto\" data-ad-client=\"ca-pub-7538490013085643\" data-adsbygoogle-status=\"done\" data-ad-status=\"filled\"><\/p>\n<div id=\"aswift_1_host\"><\/div>\n<p><\/ins><\/div>\n<div id=\"div-gpt-ad-81562907-2\" data-google-query-id=\"COb6p7TD8ocDFfzR9QIdcFoOqw\">\n<div id=\"google_ads_iframe_\/21682791461\/ExPress2\/Express_300x250_1_0__container__\">Uno de ellos fue vender su auto para poder cubrir su viaje a Par\u00eds 2024, tras esto, Miguel Barbeyto el presidente de Mazda en M\u00e9xico le dijo que le repondr\u00e1n dicho auto.<\/div>\n<\/div>\n<p>\u201c\u00c9ste es el tipo de gente que M\u00e9xico necesita y por el que me siento orgulloso de ser mexicano. @MarcoAGreen Mazda te va a reponer ese coche que te ayud\u00f3 a llegar d\u00f3nde est\u00e1s. Escr\u00edbeme por DM por favor\u201d expres\u00f3 Barbeyto en su cuenta de X.<\/p>\n<div id=\"div-gpt-ad-81562907-3\" data-google-query-id=\"COf6p7TD8ocDFfzR9QIdcFoOqw\">\n<div id=\"google_ads_iframe_\/21682791461\/ExPress2\/Express_300x250_2_0__container__\"><\/div>\n<\/div>\n<div class=\"twitter-tweet twitter-tweet-rendered\"><iframe id=\"twitter-widget-0\" class=\"\" title=\"X Post\" src=\"https:\/\/platform.twitter.com\/embed\/Tweet.html?dnt=false&amp;embedId=twitter-widget-0&amp;features=eyJ0ZndfdGltZWxpbmVfbGlzdCI6eyJidWNrZXQiOltdLCJ2ZXJzaW9uIjpudWxsfSwidGZ3X2ZvbGxvd2VyX2NvdW50X3N1bnNldCI6eyJidWNrZXQiOnRydWUsInZlcnNpb24iOm51bGx9LCJ0ZndfdHdlZXRfZWRpdF9iYWNrZW5kIjp7ImJ1Y2tldCI6Im9uIiwidmVyc2lvbiI6bnVsbH0sInRmd19yZWZzcmNfc2Vzc2lvbiI6eyJidWNrZXQiOiJvbiIsInZlcnNpb24iOm51bGx9LCJ0ZndfZm9zbnJfc29mdF9pbnRlcnZlbnRpb25zX2VuYWJsZWQiOnsiYnVja2V0Ijoib24iLCJ2ZXJzaW9uIjpudWxsfSwidGZ3X21peGVkX21lZGlhXzE1ODk3Ijp7ImJ1Y2tldCI6InRyZWF0bWVudCIsInZlcnNpb24iOm51bGx9LCJ0ZndfZXhwZXJpbWVudHNfY29va2llX2V4cGlyYXRpb24iOnsiYnVja2V0IjoxMjA5NjAwLCJ2ZXJzaW9uIjpudWxsfSwidGZ3X3Nob3dfYmlyZHdhdGNoX3Bpdm90c19lbmFibGVkIjp7ImJ1Y2tldCI6Im9uIiwidmVyc2lvbiI6bnVsbH0sInRmd19kdXBsaWNhdGVfc2NyaWJlc190b19zZXR0aW5ncyI6eyJidWNrZXQiOiJvbiIsInZlcnNpb24iOm51bGx9LCJ0ZndfdXNlX3Byb2ZpbGVfaW1hZ2Vfc2hhcGVfZW5hYmxlZCI6eyJidWNrZXQiOiJvbiIsInZlcnNpb24iOm51bGx9LCJ0ZndfdmlkZW9faGxzX2R5bmFtaWNfbWFuaWZlc3RzXzE1MDgyIjp7ImJ1Y2tldCI6InRydWVfYml0cmF0ZSIsInZlcnNpb24iOm51bGx9LCJ0ZndfbGVnYWN5X3RpbWVsaW5lX3N1bnNldCI6eyJidWNrZXQiOnRydWUsInZlcnNpb24iOm51bGx9LCJ0ZndfdHdlZXRfZWRpdF9mcm9udGVuZCI6eyJidWNrZXQiOiJvbiIsInZlcnNpb24iOm51bGx9fQ%3D%3D&amp;frame=false&amp;hideCard=false&amp;hideThread=false&amp;id=1822084376181498002&amp;lang=es&amp;origin=https%3A%2F%2Fexpreso.press%2F2024%2F08%2F10%2Fmarco-verde-nego-la-supuesta-falta-de-apoyo-de-conade%2F&amp;sessionId=e2d36470c742a842d20262bb65b722676b958c55&amp;theme=light&amp;widgetsVersion=2615f7e52b7e0%3A1702314776716&amp;width=550px\" frameborder=\"0\" scrolling=\"no\" allowfullscreen=\"allowfullscreen\" data-tweet-id=\"1822084376181498002\" data-mce-fragment=\"1\"><\/iframe><\/div>\n<p>&nbsp;<\/p>\n<p>En declaraciones ofrecidas tras ganar la medalla de plata en box para M\u00e9xico, Marco Verde asegur\u00f3 que la Conade lo apoy\u00f3 en varios torneos rumbo a los Juegos Ol\u00edmpicos de Par\u00eds 2024.<\/p>\n<p>Incluso la Conade hizo eco de estas declaraciones: \u201cFue algo que yo nunca dije, mi familia tampoco. CONADE me apoy\u00f3 en varios torneos a lo largo de este camino, gracias\u201d.<\/p>\n<div class=\"twitter-tweet twitter-tweet-rendered\"><iframe id=\"twitter-widget-1\" class=\"\" title=\"X Post\" src=\"https:\/\/platform.twitter.com\/embed\/Tweet.html?dnt=false&amp;embedId=twitter-widget-1&amp;features=eyJ0ZndfdGltZWxpbmVfbGlzdCI6eyJidWNrZXQiOltdLCJ2ZXJzaW9uIjpudWxsfSwidGZ3X2ZvbGxvd2VyX2NvdW50X3N1bnNldCI6eyJidWNrZXQiOnRydWUsInZlcnNpb24iOm51bGx9LCJ0ZndfdHdlZXRfZWRpdF9iYWNrZW5kIjp7ImJ1Y2tldCI6Im9uIiwidmVyc2lvbiI6bnVsbH0sInRmd19yZWZzcmNfc2Vzc2lvbiI6eyJidWNrZXQiOiJvbiIsInZlcnNpb24iOm51bGx9LCJ0ZndfZm9zbnJfc29mdF9pbnRlcnZlbnRpb25zX2VuYWJsZWQiOnsiYnVja2V0Ijoib24iLCJ2ZXJzaW9uIjpudWxsfSwidGZ3X21peGVkX21lZGlhXzE1ODk3Ijp7ImJ1Y2tldCI6InRyZWF0bWVudCIsInZlcnNpb24iOm51bGx9LCJ0ZndfZXhwZXJpbWVudHNfY29va2llX2V4cGlyYXRpb24iOnsiYnVja2V0IjoxMjA5NjAwLCJ2ZXJzaW9uIjpudWxsfSwidGZ3X3Nob3dfYmlyZHdhdGNoX3Bpdm90c19lbmFibGVkIjp7ImJ1Y2tldCI6Im9uIiwidmVyc2lvbiI6bnVsbH0sInRmd19kdXBsaWNhdGVfc2NyaWJlc190b19zZXR0aW5ncyI6eyJidWNrZXQiOiJvbiIsInZlcnNpb24iOm51bGx9LCJ0ZndfdXNlX3Byb2ZpbGVfaW1hZ2Vfc2hhcGVfZW5hYmxlZCI6eyJidWNrZXQiOiJvbiIsInZlcnNpb24iOm51bGx9LCJ0ZndfdmlkZW9faGxzX2R5bmFtaWNfbWFuaWZlc3RzXzE1MDgyIjp7ImJ1Y2tldCI6InRydWVfYml0cmF0ZSIsInZlcnNpb24iOm51bGx9LCJ0ZndfbGVnYWN5X3RpbWVsaW5lX3N1bnNldCI6eyJidWNrZXQiOnRydWUsInZlcnNpb24iOm51bGx9LCJ0ZndfdHdlZXRfZWRpdF9mcm9udGVuZCI6eyJidWNrZXQiOiJvbiIsInZlcnNpb24iOm51bGx9fQ%3D%3D&amp;frame=false&amp;hideCard=false&amp;hideThread=false&amp;id=1822283389510005074&amp;lang=es&amp;origin=https%3A%2F%2Fexpreso.press%2F2024%2F08%2F10%2Fmarco-verde-nego-la-supuesta-falta-de-apoyo-de-conade%2F&amp;sessionId=e2d36470c742a842d20262bb65b722676b958c55&amp;theme=light&amp;widgetsVersion=2615f7e52b7e0%3A1702314776716&amp;width=550px\" frameborder=\"0\" scrolling=\"no\" allowfullscreen=\"allowfullscreen\" data-tweet-id=\"1822283389510005074\" data-mce-fragment=\"1\"><\/iframe><\/div>\n<p>&nbsp;<\/p>\n<p>\u201cNiega Marco Verde falta de apoyos de Conade y tener que vender su auto para asistir a Par\u00eds 2024\u201d, dijo la dependencia.<\/p>\n<p>Luego supuestamente el boxeador medallista de plata desmiente los hechos con la siguiente frase:<br \/>\n\u201cFue algo que yo nunca dije, mi familia tampoco. CONADE me apoy\u00f3 en varios torneos a lo largo de este camino, gracias\u201d, acot\u00f3.<\/p>\n<p>Sin embargo, Marco Verde solo cit\u00f3 un tuit de Conade con la siguiente frase: \u201cCONADE me apoyo en varios torneos a lo largo de este camino, gracias\u201d y aqu\u00ed vamos a dejar todas las pruebas porque jam\u00e1s habla del auto.<\/p>\n<p>Como sea, ni Mazda se ha echado para atr\u00e1s, ni nada ha pasado todav\u00eda con Marco Verde, pero Conade ya desminti\u00f3 que haya tenido que vender su auto para estar en Par\u00eds.<\/p>\n<div class=\"twitter-tweet twitter-tweet-rendered\"><iframe id=\"twitter-widget-2\" class=\"\" title=\"X Post\" src=\"https:\/\/platform.twitter.com\/embed\/Tweet.html?dnt=false&amp;embedId=twitter-widget-2&amp;features=eyJ0ZndfdGltZWxpbmVfbGlzdCI6eyJidWNrZXQiOltdLCJ2ZXJzaW9uIjpudWxsfSwidGZ3X2ZvbGxvd2VyX2NvdW50X3N1bnNldCI6eyJidWNrZXQiOnRydWUsInZlcnNpb24iOm51bGx9LCJ0ZndfdHdlZXRfZWRpdF9iYWNrZW5kIjp7ImJ1Y2tldCI6Im9uIiwidmVyc2lvbiI6bnVsbH0sInRmd19yZWZzcmNfc2Vzc2lvbiI6eyJidWNrZXQiOiJvbiIsInZlcnNpb24iOm51bGx9LCJ0ZndfZm9zbnJfc29mdF9pbnRlcnZlbnRpb25zX2VuYWJsZWQiOnsiYnVja2V0Ijoib24iLCJ2ZXJzaW9uIjpudWxsfSwidGZ3X21peGVkX21lZGlhXzE1ODk3Ijp7ImJ1Y2tldCI6InRyZWF0bWVudCIsInZlcnNpb24iOm51bGx9LCJ0ZndfZXhwZXJpbWVudHNfY29va2llX2V4cGlyYXRpb24iOnsiYnVja2V0IjoxMjA5NjAwLCJ2ZXJzaW9uIjpudWxsfSwidGZ3X3Nob3dfYmlyZHdhdGNoX3Bpdm90c19lbmFibGVkIjp7ImJ1Y2tldCI6Im9uIiwidmVyc2lvbiI6bnVsbH0sInRmd19kdXBsaWNhdGVfc2NyaWJlc190b19zZXR0aW5ncyI6eyJidWNrZXQiOiJvbiIsInZlcnNpb24iOm51bGx9LCJ0ZndfdXNlX3Byb2ZpbGVfaW1hZ2Vfc2hhcGVfZW5hYmxlZCI6eyJidWNrZXQiOiJvbiIsInZlcnNpb24iOm51bGx9LCJ0ZndfdmlkZW9faGxzX2R5bmFtaWNfbWFuaWZlc3RzXzE1MDgyIjp7ImJ1Y2tldCI6InRydWVfYml0cmF0ZSIsInZlcnNpb24iOm51bGx9LCJ0ZndfbGVnYWN5X3RpbWVsaW5lX3N1bnNldCI6eyJidWNrZXQiOnRydWUsInZlcnNpb24iOm51bGx9LCJ0ZndfdHdlZXRfZWRpdF9mcm9udGVuZCI6eyJidWNrZXQiOiJvbiIsInZlcnNpb24iOm51bGx9fQ%3D%3D&amp;frame=false&amp;hideCard=false&amp;hideThread=false&amp;id=1822264244705931548&amp;lang=es&amp;origin=https%3A%2F%2Fexpreso.press%2F2024%2F08%2F10%2Fmarco-verde-nego-la-supuesta-falta-de-apoyo-de-conade%2F&amp;sessionId=e2d36470c742a842d20262bb65b722676b958c55&amp;theme=light&amp;widgetsVersion=2615f7e52b7e0%3A1702314776716&amp;width=550px\" frameborder=\"0\" scrolling=\"no\" allowfullscreen=\"allowfullscreen\" data-tweet-id=\"1822264244705931548\" data-mce-fragment=\"1\"><\/iframe><\/div>\n<p>&nbsp;<\/p>\n<p>CON INFORMACI\u00d3N DE SDPNOTICIAS Y RADIO FORULA<\/p>\n<\/div>\n<\/div>\n","protected":false},"excerpt":{"rendered":"<p>M\u00c9XICO.- Marco Verde se gan\u00f3 el coraz\u00f3n de muchos aficionados por sus actuaciones en el ring pero adem\u00e1s por la historia que hay detr\u00e1s de su participaci\u00f3n en los Juegos Ol\u00edmpicos de Par\u00eds 2024. Y es que conforme Marco Verde iba avanzando en la competencia de boxeo de los Juegos Ol\u00edmpicos de Par\u00eds 2024 salieron [&hellip;]<\/p>\n","protected":false},"author":4,"featured_media":17325,"comment_status":"closed","ping_status":"closed","sticky":false,"template":"","format":"standard","meta":{"footnotes":""},"categories":[15],"tags":[],"class_list":["post-17324","post","type-post","status-publish","format-standard","has-post-thumbnail","hentry","category-deportes"],"_links":{"self":[{"href":"https:\/\/conexiontotal.press\/index.php\/wp-json\/wp\/v2\/posts\/17324","targetHints":{"allow":["GET"]}}],"collection":[{"href":"https:\/\/conexiontotal.press\/index.php\/wp-json\/wp\/v2\/posts"}],"about":[{"href":"https:\/\/conexiontotal.press\/index.php\/wp-json\/wp\/v2\/types\/post"}],"author":[{"embeddable":true,"href":"https:\/\/conexiontotal.press\/index.php\/wp-json\/wp\/v2\/users\/4"}],"replies":[{"embeddable":true,"href":"https:\/\/conexiontotal.press\/index.php\/wp-json\/wp\/v2\/comments?post=17324"}],"version-history":[{"count":1,"href":"https:\/\/conexiontotal.press\/index.php\/wp-json\/wp\/v2\/posts\/17324\/revisions"}],"predecessor-version":[{"id":17326,"href":"https:\/\/conexiontotal.press\/index.php\/wp-json\/wp\/v2\/posts\/17324\/revisions\/17326"}],"wp:featuredmedia":[{"embeddable":true,"href":"https:\/\/conexiontotal.press\/index.php\/wp-json\/wp\/v2\/media\/17325"}],"wp:attachment":[{"href":"https:\/\/conexiontotal.press\/index.php\/wp-json\/wp\/v2\/media?parent=17324"}],"wp:term":[{"taxonomy":"category","embeddable":true,"href":"https:\/\/conexiontotal.press\/index.php\/wp-json\/wp\/v2\/categories?post=17324"},{"taxonomy":"post_tag","embeddable":true,"href":"https:\/\/conexiontotal.press\/index.php\/wp-json\/wp\/v2\/tags?post=17324"}],"curies":[{"name":"wp","href":"https:\/\/api.w.org\/{rel}","templated":true}]}}