{"id":17370,"date":"2024-08-05T17:13:01","date_gmt":"2024-08-05T23:13:01","guid":{"rendered":"https:\/\/conexiontotal.press\/?p=17370"},"modified":"2024-08-18T17:13:13","modified_gmt":"2024-08-18T23:13:13","slug":"gran-exito-del-campamento-de-verano-vive-la-paz-del-dif-tamaulipas","status":"publish","type":"post","link":"https:\/\/conexiontotal.press\/index.php\/2024\/08\/05\/gran-exito-del-campamento-de-verano-vive-la-paz-del-dif-tamaulipas\/","title":{"rendered":"Gran \u00e9xito del campamento de verano Vive La Paz del DIF Tamaulipas"},"content":{"rendered":"<p>Ciudad Victoria, Tamaulipas.- Desde el pasado 8 de julio se puso en marcha el campamento de verano Vive la Paz, actividad inaugurada por la doctora Mar\u00eda de Villarreal, presidenta del DIF Tamaulipas y el gobernador del estado, Am\u00e9rico Villarreal Anaya, en el marco de la estrategia de asistencia social Lazos de Bienestar.<\/p>\n<p>Al d\u00eda de hoy, cientos de ni\u00f1as, ni\u00f1os, adolescentes e incluso adultos, han participado en las actividades recreativas, educativas y deportivas, tales como clases de m\u00fasica, manualidades y por supuesto la exposici\u00f3n del Museo Memoria y Tolerancia. Todo ello con la participaci\u00f3n de dependencias como las Secretar\u00edas de Bienestar Social, Educaci\u00f3n, Turismo y del Trabajo.<\/p>\n<p>Todas las actividades est\u00e1n siendo realizadas dentro del pol\u00edgono de atenci\u00f3n prioritaria que est\u00e1 ubicado en la colonia Echeverr\u00eda de Victoria, a las que se han sumado vecinos de otros sectores, con personal que se encuentra colaborando de manera voluntaria, quienes han atendido a 328 personas entre ni\u00f1as, ni\u00f1os y adultos en un horario de las 9:00 de la ma\u00f1ana a 8:00 de la noche.<\/p>\n<p>STAFF<\/p>\n","protected":false},"excerpt":{"rendered":"<p>Ciudad Victoria, Tamaulipas.- Desde el pasado 8 de julio se puso en marcha el campamento de verano Vive la Paz, actividad inaugurada por la doctora Mar\u00eda de Villarreal, presidenta del DIF Tamaulipas y el gobernador del estado, Am\u00e9rico Villarreal Anaya, en el marco de la estrategia de asistencia social Lazos de Bienestar. Al d\u00eda de [&hellip;]<\/p>\n","protected":false},"author":4,"featured_media":17371,"comment_status":"closed","ping_status":"closed","sticky":false,"template":"","format":"standard","meta":{"footnotes":""},"categories":[3],"tags":[],"class_list":["post-17370","post","type-post","status-publish","format-standard","has-post-thumbnail","hentry","category-victoria"],"_links":{"self":[{"href":"https:\/\/conexiontotal.press\/index.php\/wp-json\/wp\/v2\/posts\/17370","targetHints":{"allow":["GET"]}}],"collection":[{"href":"https:\/\/conexiontotal.press\/index.php\/wp-json\/wp\/v2\/posts"}],"about":[{"href":"https:\/\/conexiontotal.press\/index.php\/wp-json\/wp\/v2\/types\/post"}],"author":[{"embeddable":true,"href":"https:\/\/conexiontotal.press\/index.php\/wp-json\/wp\/v2\/users\/4"}],"replies":[{"embeddable":true,"href":"https:\/\/conexiontotal.press\/index.php\/wp-json\/wp\/v2\/comments?post=17370"}],"version-history":[{"count":1,"href":"https:\/\/conexiontotal.press\/index.php\/wp-json\/wp\/v2\/posts\/17370\/revisions"}],"predecessor-version":[{"id":17372,"href":"https:\/\/conexiontotal.press\/index.php\/wp-json\/wp\/v2\/posts\/17370\/revisions\/17372"}],"wp:featuredmedia":[{"embeddable":true,"href":"https:\/\/conexiontotal.press\/index.php\/wp-json\/wp\/v2\/media\/17371"}],"wp:attachment":[{"href":"https:\/\/conexiontotal.press\/index.php\/wp-json\/wp\/v2\/media?parent=17370"}],"wp:term":[{"taxonomy":"category","embeddable":true,"href":"https:\/\/conexiontotal.press\/index.php\/wp-json\/wp\/v2\/categories?post=17370"},{"taxonomy":"post_tag","embeddable":true,"href":"https:\/\/conexiontotal.press\/index.php\/wp-json\/wp\/v2\/tags?post=17370"}],"curies":[{"name":"wp","href":"https:\/\/api.w.org\/{rel}","templated":true}]}}