{"id":17397,"date":"2024-08-19T16:39:44","date_gmt":"2024-08-19T22:39:44","guid":{"rendered":"https:\/\/conexiontotal.press\/?p=17397"},"modified":"2024-08-19T16:39:44","modified_gmt":"2024-08-19T22:39:44","slug":"ricardo-peralta-se-queda-sin-agencia-tras-tachar-de-homofobico-a-arath-de-la-torre","status":"publish","type":"post","link":"https:\/\/conexiontotal.press\/index.php\/2024\/08\/19\/ricardo-peralta-se-queda-sin-agencia-tras-tachar-de-homofobico-a-arath-de-la-torre\/","title":{"rendered":"Ricardo Peralta se queda sin agencia tras tachar de homof\u00f3bico a Arath de la Torre"},"content":{"rendered":"<p>La Gala de Eliminaci\u00f3n termin\u00f3 con un posicionamiento bastante pol\u00e9mico. Ricardo Peralta decidi\u00f3 colocarse detr\u00e1s de Arath de la Torre, tacharlo de homof\u00f3bico y algunos otros comentarios que causaron muchas indignaci\u00f3n en la comunidad LGBTQ+ y en medios de comunicaci\u00f3n. Ahora, en medio de la pol\u00e9mica, sali\u00f3 la agencia de Ricardo para expresar que ya no trabajar\u00e1n con \u00e9l.<\/p>\n<p>Las redes sociales y en especial algunos representantes m\u00e1s importantes de la comunidad LGBTQ+ se hicieron presentes para expresar que los comentarios de Ricardo Peralta no los representan e inclusive para dejar claro que lo que hizo fue algo repudiado, ya que utiliz\u00f3 una bandera para hablar de temas personales y como parte de una estrategia para un reeality show. Esto llev\u00f3 a la agencia que llevaba habitante de La Casa de los Famosos a confirmar que ya no trabajar\u00e1n m\u00e1s con \u00e9l.<\/p>\n<p><img loading=\"lazy\" decoding=\"async\" class=\"alignnone size-full\" src=\"https:\/\/heraldodemexico.com.mx\/u\/fotografias\/m\/2024\/8\/18\/f768x1-995841_995968_5050.jpg\" width=\"768\" height=\"432\" \/><\/p>\n<p><strong>Ricardo Peralta se queda sin agencia por el posicionamiento contra Arath <\/strong><br \/>\nDespu\u00e9s de que personalidades como Wendy, Laurel Miranda y muchos otros referentes de la comunidad mostraran que iban en contra de los comentarios lanzados por Peralta en el posicionamiento, lleg\u00f3 la agencia que maneja al comediante para expresar su punto de vista. El habitante de Tierra se qued\u00f3 sin agencia por no representar los valores de la empresa.<\/p>\n<p>\u201cLamentamos profundamente las desafortunadas declaraciones emitidas recientemente por nuestro cliente. \u00c9stas no reflejan los valores ni la filosof\u00eda con la que operamos\u201d, se puede leer en el comunicado de en la cuenta de Instagran de Talentindustry.<\/p>\n<p><img loading=\"lazy\" decoding=\"async\" class=\"alignnone size-full\" src=\"https:\/\/heraldodemexico.com.mx\/u\/fotografias\/m\/2024\/8\/19\/f768x1-995903_996030_8029.jpg\" width=\"768\" height=\"435\" \/><\/p>\n<p>La agencia contin\u00fao explicando en su comunicado que ellos conf\u00edan en el dialogo profesional y se gu\u00edan por el consejo de expertos en el manejo de situaciones complejas. Despu\u00e9s de analizar las opciones y lo delicado de la situaci\u00f3n en la que fueron puestos por Ricardo Peralta, se determin\u00f3 que terminan su relaci\u00f3n con ellos.<\/p>\n<p>\u201cLas diferencias y preocupaciones ser\u00e1n abordadas a su salida de manera adecuada y respetuosa, en persona y de frente como debe de ser\u201d, termina el comunicado firmado por Epik Talent Industry.<\/p>\n<p><img loading=\"lazy\" decoding=\"async\" class=\"alignnone size-full\" src=\"https:\/\/heraldodemexico.com.mx\/u\/fotografias\/m\/2024\/8\/19\/f768x1-996056_996183_5025.png\" width=\"768\" height=\"1394\" \/><\/p>\n<p>Queda esperar a ver c\u00f3mo se empiezan a mover las energ\u00edas dentro de la casa, en especial entre Ricardo Peralta y Arath de la Torre. Se tiene que recordar que este lunes se tienen que jugar por el l\u00edder, por lo que es un punto importante para todos en la casa para asegurar su lugar una semana m\u00e1s.<\/p>\n<p>CON INFORMACI\u00d3N DE EL HERALDO DE M\u00c9XICO<\/p>\n","protected":false},"excerpt":{"rendered":"<p>La Gala de Eliminaci\u00f3n termin\u00f3 con un posicionamiento bastante pol\u00e9mico. Ricardo Peralta decidi\u00f3 colocarse detr\u00e1s de Arath de la Torre, tacharlo de homof\u00f3bico y algunos otros comentarios que causaron muchas indignaci\u00f3n en la comunidad LGBTQ+ y en medios de comunicaci\u00f3n. Ahora, en medio de la pol\u00e9mica, sali\u00f3 la agencia de Ricardo para expresar que ya [&hellip;]<\/p>\n","protected":false},"author":4,"featured_media":17398,"comment_status":"closed","ping_status":"closed","sticky":false,"template":"","format":"standard","meta":{"footnotes":""},"categories":[16],"tags":[],"class_list":["post-17397","post","type-post","status-publish","format-standard","has-post-thumbnail","hentry","category-espectaculos"],"_links":{"self":[{"href":"https:\/\/conexiontotal.press\/index.php\/wp-json\/wp\/v2\/posts\/17397","targetHints":{"allow":["GET"]}}],"collection":[{"href":"https:\/\/conexiontotal.press\/index.php\/wp-json\/wp\/v2\/posts"}],"about":[{"href":"https:\/\/conexiontotal.press\/index.php\/wp-json\/wp\/v2\/types\/post"}],"author":[{"embeddable":true,"href":"https:\/\/conexiontotal.press\/index.php\/wp-json\/wp\/v2\/users\/4"}],"replies":[{"embeddable":true,"href":"https:\/\/conexiontotal.press\/index.php\/wp-json\/wp\/v2\/comments?post=17397"}],"version-history":[{"count":1,"href":"https:\/\/conexiontotal.press\/index.php\/wp-json\/wp\/v2\/posts\/17397\/revisions"}],"predecessor-version":[{"id":17399,"href":"https:\/\/conexiontotal.press\/index.php\/wp-json\/wp\/v2\/posts\/17397\/revisions\/17399"}],"wp:featuredmedia":[{"embeddable":true,"href":"https:\/\/conexiontotal.press\/index.php\/wp-json\/wp\/v2\/media\/17398"}],"wp:attachment":[{"href":"https:\/\/conexiontotal.press\/index.php\/wp-json\/wp\/v2\/media?parent=17397"}],"wp:term":[{"taxonomy":"category","embeddable":true,"href":"https:\/\/conexiontotal.press\/index.php\/wp-json\/wp\/v2\/categories?post=17397"},{"taxonomy":"post_tag","embeddable":true,"href":"https:\/\/conexiontotal.press\/index.php\/wp-json\/wp\/v2\/tags?post=17397"}],"curies":[{"name":"wp","href":"https:\/\/api.w.org\/{rel}","templated":true}]}}