{"id":17403,"date":"2024-08-22T14:15:20","date_gmt":"2024-08-22T20:15:20","guid":{"rendered":"https:\/\/conexiontotal.press\/?p=17403"},"modified":"2024-08-22T14:15:20","modified_gmt":"2024-08-22T20:15:20","slug":"trabajadores-del-pjf-buscan-audiencia-con-el-gobernador","status":"publish","type":"post","link":"https:\/\/conexiontotal.press\/index.php\/2024\/08\/22\/trabajadores-del-pjf-buscan-audiencia-con-el-gobernador\/","title":{"rendered":"Trabajadores del PJF buscan audiencia con el gobernador"},"content":{"rendered":"<p>VICTORIA, Tam.- Trabajadores del Poder Judicial de la Federaci\u00f3n ahora llevaron su protesta contra la reforma judicial frente a Casa de Gobierno en la capital del estado, buscando audiencia con el gobernador Am\u00e9rico Villarreal.<\/p>\n<p>Portando cartulinas, mantas y leyendas en camisetas, los manifestantes se\u00f1alaron que los llamados di\u00e1logos nacionales fueron una simulaci\u00f3n, por lo que buscan que todas las instancias estatales los escuchen.<\/p>\n<p>El subsecretario de Gobierno, Tom\u00e1s Gloria Requena, atendi\u00f3 a los m\u00e1s de 200 trabajadores del Poder Judicial que se encuentran en paro laboral, atendiendo solo los asuntos de urgencia en los juzgados, extern\u00e1ndoles que el gobierno est\u00e1 abierto al di\u00e1logo.<\/p>\n<p>\u201cNadie mejor que ustedes sabe cu\u00e1l es la instancia en que se va a deliberar el tema del Poder Judicial, sin embargo, la instrucci\u00f3n que tenemos del gobernador es de escucharlos\u201d.<\/p>\n<p>La propuesta fue que una comisi\u00f3n de los trabajadores federales, se trasladara a Palacio de Gobierno para atenderlos en la Secretar\u00eda General de Gobierno, por el Subsecretario Tom\u00e1s Gloria.<\/p>\n<p>Juan Gelasio David M\u00e1rquez L\u00f3pez, Secretario del Juzgado D\u00e9cimo primero de Distrito, explic\u00f3 que las manifestaciones son necesarias para que \u201cse den cuenta de la inconformidad de los trabajadores del Poder judicial de la Federaci\u00f3n\u201d.<\/p>\n<p>Y agreg\u00f3, \u201cm\u00e1s claro ni el agua, los di\u00e1logos nacionales no fueron otra cosa que una simulaci\u00f3n, yo fui al de Saltillo y no nos dejaron entrar, o fue hasta que nos manifestamos y solicitamos el di\u00e1logo que nos dejaron entrar, el propio Gobierno (federal) cerr\u00f3 las puertas\u201d.<\/p>\n<p>Se\u00f1al\u00f3 que la reforma como est\u00e1 planteada, no resuelve la problem\u00e1tica de impartici\u00f3n de justicia, por lo que continuar\u00e1n, dijo, con las manifestaciones, para que la gente se entere de la inconformidad.<\/p>\n<p>\u201cVamos a continuar con las manifestaciones porque debemos ser firmes, esta reforma realmente, como dice, nosotros somos los expertos, pero tambi\u00e9n debemos hacer del conocimiento a la poblaci\u00f3n, los alcances y repercusiones que va a tener esta reforma\u201d.<\/p>\n<p>Perla Res\u00e9ndez<\/p>\n","protected":false},"excerpt":{"rendered":"<p>VICTORIA, Tam.- Trabajadores del Poder Judicial de la Federaci\u00f3n ahora llevaron su protesta contra la reforma judicial frente a Casa de Gobierno en la capital del estado, buscando audiencia con el gobernador Am\u00e9rico Villarreal. Portando cartulinas, mantas y leyendas en camisetas, los manifestantes se\u00f1alaron que los llamados di\u00e1logos nacionales fueron una simulaci\u00f3n, por lo que [&hellip;]<\/p>\n","protected":false},"author":4,"featured_media":17404,"comment_status":"closed","ping_status":"closed","sticky":false,"template":"","format":"standard","meta":{"footnotes":""},"categories":[3],"tags":[],"class_list":["post-17403","post","type-post","status-publish","format-standard","has-post-thumbnail","hentry","category-victoria"],"_links":{"self":[{"href":"https:\/\/conexiontotal.press\/index.php\/wp-json\/wp\/v2\/posts\/17403","targetHints":{"allow":["GET"]}}],"collection":[{"href":"https:\/\/conexiontotal.press\/index.php\/wp-json\/wp\/v2\/posts"}],"about":[{"href":"https:\/\/conexiontotal.press\/index.php\/wp-json\/wp\/v2\/types\/post"}],"author":[{"embeddable":true,"href":"https:\/\/conexiontotal.press\/index.php\/wp-json\/wp\/v2\/users\/4"}],"replies":[{"embeddable":true,"href":"https:\/\/conexiontotal.press\/index.php\/wp-json\/wp\/v2\/comments?post=17403"}],"version-history":[{"count":1,"href":"https:\/\/conexiontotal.press\/index.php\/wp-json\/wp\/v2\/posts\/17403\/revisions"}],"predecessor-version":[{"id":17405,"href":"https:\/\/conexiontotal.press\/index.php\/wp-json\/wp\/v2\/posts\/17403\/revisions\/17405"}],"wp:featuredmedia":[{"embeddable":true,"href":"https:\/\/conexiontotal.press\/index.php\/wp-json\/wp\/v2\/media\/17404"}],"wp:attachment":[{"href":"https:\/\/conexiontotal.press\/index.php\/wp-json\/wp\/v2\/media?parent=17403"}],"wp:term":[{"taxonomy":"category","embeddable":true,"href":"https:\/\/conexiontotal.press\/index.php\/wp-json\/wp\/v2\/categories?post=17403"},{"taxonomy":"post_tag","embeddable":true,"href":"https:\/\/conexiontotal.press\/index.php\/wp-json\/wp\/v2\/tags?post=17403"}],"curies":[{"name":"wp","href":"https:\/\/api.w.org\/{rel}","templated":true}]}}