{"id":17421,"date":"2024-08-22T17:15:07","date_gmt":"2024-08-22T23:15:07","guid":{"rendered":"https:\/\/conexiontotal.press\/?p=17421"},"modified":"2024-08-22T17:16:36","modified_gmt":"2024-08-22T23:16:36","slug":"estos-son-los-requisitos-para-estudiar-le-prepa-en-linea-de-la-sep","status":"publish","type":"post","link":"https:\/\/conexiontotal.press\/index.php\/2024\/08\/22\/estos-son-los-requisitos-para-estudiar-le-prepa-en-linea-de-la-sep\/","title":{"rendered":"Estos son los requisitos para estudiar le Prepa en l\u00ednea de la SEP"},"content":{"rendered":"<p>CIUDAD DE M\u00c9XICO.-La Secretar\u00eda de Educaci\u00f3n P\u00fablica (SEP), a trav\u00e9s de la Subsecretar\u00eda de Educaci\u00f3n Media Superior (SEMS), lanz\u00f3 una convocatoria dirigida a todas aquellas personas que est\u00e9n interesadas en cursar los estudios del nivel medio superior de forma gratuita, en modalidad no escolarizada, opci\u00f3n virtual, a que se sumen a la generaci\u00f3n n\u00famero 69 del Servicio Nacional de Bachillerato en L\u00ednea o \u201cPrepa en L\u00ednea de la SEP\u201d, por lo que si est\u00e1s interesado en continuar tu vida acad\u00e9mica en esta nota te diremos todo lo que hay que saber al respecto.<\/p>\n<p>Para empezar a abordar el tema es necesario precisar que el servicio de Prepa en L\u00ednea de la SEP est\u00e1 dirigido a personas de nacionalidad mexicana que residan dentro o fuera del pa\u00eds, de cualquier edad, que hayan concluido sus estudios de secundaria y que cuenten con el certificado correspondiente, adem\u00e1s, tambi\u00e9n podr\u00e1n acceder a \u00e9l todas las personas extranjeras con estancia legal en M\u00e9xico y que cuenten con la Clave \u00danica de Registro de Poblaci\u00f3n (CURP).<\/p>\n<blockquote class=\"twitter-tweet\">\n<p dir=\"ltr\" lang=\"es\"><a href=\"https:\/\/twitter.com\/hashtag\/TransformamosLaEducaci%C3%B3n?src=hash&amp;ref_src=twsrc%5Etfw\">#TransformamosLaEducaci\u00f3n<\/a> \ud83d\udcda\ud83d\udcd6 Los Libros de Texto Gratuitos promueven una ense\u00f1anza que toma en cuenta el contexto en el que viven las y los estudiantes. \ud83d\udc69\ud83c\udffb\u200d\ud83c\udfeb\ud83d\udcda \ud83d\udc67\ud83c\udffb\ud83e\uddd2\ud83c\udffb <a href=\"https:\/\/t.co\/SDBdh67Sad\">pic.twitter.com\/SDBdh67Sad<\/a><\/p>\n<p>\u2014 SEP M\u00e9xico (@SEP_mx) <a href=\"https:\/\/twitter.com\/SEP_mx\/status\/1826430588028682613?ref_src=twsrc%5Etfw\">August 22, 2024<\/a><\/p><\/blockquote>\n<p><script async src=\"https:\/\/platform.twitter.com\/widgets.js\" charset=\"utf-8\"><\/script><\/p>\n<p>Respecto al plan de estudio de \u201cPrepa en L\u00ednea de la SEP\u201d, se indica que son 23 m\u00f3dulos consecutivos, cada uno con una duraci\u00f3n de cuatro semanas, con flexibilidad de horarios y entregas semanales de actividades a trav\u00e9s de la plataforma educativa. Asimismo, se indica que los aspirantes deben disponer de un equipo de c\u00f3mputo que cuente con el sistema operativo Windows 10 o macOS Catalina o superiores para poder realizar las actividades que requieren el uso de aplicaciones o programas espec\u00edficos.<\/p>\n<p>Cabe mencionar, que tambi\u00e9n es posible acceder a las referidas actividades a trav\u00e9s de dispositivos m\u00f3viles, sin embargo, el sistema operativo debe ser Android 5.0 o iOS 11 o superiores.<\/p>\n<p>Fechas y documentos para realizar el registro en Prepa en L\u00ednea de la SEP<\/p>\n<p>El registro de aspirantes a la Prepa en L\u00ednea de la SEP se realiza a trav\u00e9s de este link, en el cual, deber\u00e1n completar un formulario para validar su Clave \u00danica de Registro de Poblaci\u00f3n (CURP), adem\u00e1s, se indica que los solicitantes deben contar con dos correos electr\u00f3nicos v\u00e1lidos, activos y personales pues a trav\u00e9s de ellos se realizar\u00e1 la comunicaci\u00f3n.<\/p>\n<p>Cabe mencionar que, como parte del registro, los aspirantes deber\u00e1n proporcionar informaci\u00f3n personal, as\u00ed como sobre sus antecedentes escolares, adem\u00e1s, es importante tomar en cuenta que deber\u00e1n cargar en formato PDF, su CURP y acta de nacimiento.<\/p>\n<p>La Prepa en L\u00ednea de la SEP es un servicio gratuito.<\/p>\n<p>Una vez cargados estos documentos, los aspirantes deber\u00e1n realizar un cuestionario de contexto socioecon\u00f3mico y en cuanto este finalice se proporcionar\u00e1 un folio de confirmaci\u00f3n, el cual, servir\u00e1 como comprobante de registro a la generaci\u00f3n 69 de Prepa en L\u00ednea de la SEP.<\/p>\n<p>Una vez que se haya completado el registro a Prepa en L\u00ednea de la SEP, los aspirantes deber\u00e1n cursar un m\u00f3dulo proped\u00e9utico y para poder acceder a este del 28 de agosto al 1 de septiembre podr\u00e1n consultar su usuario y contrase\u00f1a con los cuales ingresar\u00e1n al curso, el cual, se realizar\u00e1 del 2 al 29 de septiembre y es de car\u00e1cter obligatorio.<\/p>\n<p>Cuando concluya el m\u00f3dulo proped\u00e9utico, se elegir\u00e1 a los 9 mil 600 aspirantes que hayan obtenido las calificaciones aprobatorias m\u00e1s altas para que puedan continuar con el proceso de inscripci\u00f3n la cual, se realizar\u00e1 del 4 al 16 de octubre y para ello se solicitar\u00e1 la siguiente documentaci\u00f3n:<\/p>\n<p>\u2022Certificado de secundaria (anverso y reverso)<\/p>\n<p>\u2022Comprobante de domicilio (recibo de servicios como agua, luz o predial, con m\u00e1ximo tres meses de antig\u00fcedad. La credencial emitida por el Instituto Nacional Electoral [INE] no se admite como comprobante de domicilio)<\/p>\n<p>\u2022Fotograf\u00eda tipo credencial en formato JPG: reciente, formal, de frente, a color y con fondo blanco.<\/p>\n<p>Una vez concluido satisfactoriamente el proceso de inscripci\u00f3n, la generaci\u00f3n 69 de la Prepa en L\u00ednea de la SEP iniciar\u00e1 sus actividades con el M\u00f3dulo 1, el cual, se realizar\u00e1 del 21 de octubre al 17 de noviembre.<\/p>\n<p>CON INFORMACI\u00d3N DE HERALDO DE M\u00c9XICO<span class=\"Apple-converted-space\">\u00a0<\/span><\/p>\n","protected":false},"excerpt":{"rendered":"<p>CIUDAD DE M\u00c9XICO.-La Secretar\u00eda de Educaci\u00f3n P\u00fablica (SEP), a trav\u00e9s de la Subsecretar\u00eda de Educaci\u00f3n Media Superior (SEMS), lanz\u00f3 una convocatoria dirigida a todas aquellas personas que est\u00e9n interesadas en cursar los estudios del nivel medio superior de forma gratuita, en modalidad no escolarizada, opci\u00f3n virtual, a que se sumen a la generaci\u00f3n n\u00famero 69 [&hellip;]<\/p>\n","protected":false},"author":4,"featured_media":17422,"comment_status":"closed","ping_status":"closed","sticky":false,"template":"","format":"standard","meta":{"footnotes":""},"categories":[12],"tags":[],"class_list":["post-17421","post","type-post","status-publish","format-standard","has-post-thumbnail","hentry","category-mexico"],"_links":{"self":[{"href":"https:\/\/conexiontotal.press\/index.php\/wp-json\/wp\/v2\/posts\/17421","targetHints":{"allow":["GET"]}}],"collection":[{"href":"https:\/\/conexiontotal.press\/index.php\/wp-json\/wp\/v2\/posts"}],"about":[{"href":"https:\/\/conexiontotal.press\/index.php\/wp-json\/wp\/v2\/types\/post"}],"author":[{"embeddable":true,"href":"https:\/\/conexiontotal.press\/index.php\/wp-json\/wp\/v2\/users\/4"}],"replies":[{"embeddable":true,"href":"https:\/\/conexiontotal.press\/index.php\/wp-json\/wp\/v2\/comments?post=17421"}],"version-history":[{"count":2,"href":"https:\/\/conexiontotal.press\/index.php\/wp-json\/wp\/v2\/posts\/17421\/revisions"}],"predecessor-version":[{"id":17424,"href":"https:\/\/conexiontotal.press\/index.php\/wp-json\/wp\/v2\/posts\/17421\/revisions\/17424"}],"wp:featuredmedia":[{"embeddable":true,"href":"https:\/\/conexiontotal.press\/index.php\/wp-json\/wp\/v2\/media\/17422"}],"wp:attachment":[{"href":"https:\/\/conexiontotal.press\/index.php\/wp-json\/wp\/v2\/media?parent=17421"}],"wp:term":[{"taxonomy":"category","embeddable":true,"href":"https:\/\/conexiontotal.press\/index.php\/wp-json\/wp\/v2\/categories?post=17421"},{"taxonomy":"post_tag","embeddable":true,"href":"https:\/\/conexiontotal.press\/index.php\/wp-json\/wp\/v2\/tags?post=17421"}],"curies":[{"name":"wp","href":"https:\/\/api.w.org\/{rel}","templated":true}]}}