{"id":17440,"date":"2024-08-26T10:48:20","date_gmt":"2024-08-26T16:48:20","guid":{"rendered":"https:\/\/conexiontotal.press\/?p=17440"},"modified":"2024-08-27T10:48:29","modified_gmt":"2024-08-27T16:48:29","slug":"abre-sus-puertas-la-cafeteria-del-dif-tamaulipas","status":"publish","type":"post","link":"https:\/\/conexiontotal.press\/index.php\/2024\/08\/26\/abre-sus-puertas-la-cafeteria-del-dif-tamaulipas\/","title":{"rendered":"Abre sus puertas la cafeter\u00eda del DIF Tamaulipas"},"content":{"rendered":"<p>CIUDAD VICTORIA, TAMAULIPAS.- Como parte de una gira de trabajo realizada por la Unidad Deportiva Adolfo Ruiz Cortines de esta ciudad, el doctor Am\u00e9rico Villarreal, gobernador del estado y la doctora Mar\u00eda de Villarreal, presidenta del DIF Tamaulipas, acompa\u00f1ados de autoridades estatales y municipales, abrieron las puertas de la cafeter\u00eda \u201cDisfruta, apapachos a tu salud\u201d.<\/p>\n<p>Este concepto ofrece a sus visitantes un amplio men\u00fa basado en una sana alimentaci\u00f3n, pensada principalmente en la comunidad deportista que acude frecuentemente a esa \u00e1rea de la ciudad, y quienes podr\u00e1n disfrutar de un espacio confortable junto a sus familiares y amigos.<\/p>\n<div id=\"div-gpt-ad-81562907-2\" data-google-query-id=\"COuIoezPlYgDFVvsGAIdmy8Jxg\">\n<div id=\"google_ads_iframe_\/21682791461\/ExPress2\/Express_300x250_1_0__container__\"><span style=\"font-size: 16px;\">Vale la pena mencionar que esta cafeter\u00eda es un ejemplo de inclusi\u00f3n laboral, ya que ah\u00ed se desempe\u00f1an en diferentes labores personas con alg\u00fan grado de discapacidad, atendiendo a sus clientes en un horario de 7:30 de la ma\u00f1ana a 4:00 de la tarde de lunes a viernes.<\/span><\/div>\n<\/div>\n<p><strong>Fortalece DIF Tamaulipas la alimentaci\u00f3n escolar y comunitaria en Nuevo Laredo<\/strong><br \/>\nEl Sistema para el Desarrollo Integral de la Familia (DIF) del Estado de Tamaulipas, bajo la direcci\u00f3n de la Dra. Mar\u00eda de Villarreal, consolida su compromiso con el bienestar de las comunidades al equipar desayunadores escolares y comedores comunitarios en toda la regi\u00f3n.<\/p>\n<p>En un esfuerzo por fortalecer la alimentaci\u00f3n de quienes m\u00e1s lo necesitan, se entrego equipo a 18 instituciones educativas y comedores comunitarios en la ciudad de Nuevo Laredo y otros municipios de Tamaulipas.<\/p>\n<p>Este proyecto beneficiar\u00e1 diariamente a mas de mil 600 personas, proporcionando desayunos nutritivos especialmente dise\u00f1ados para las familias vulnerables.<\/p>\n<p>El equipamiento entregado incluye utensilios b\u00e1sicos para el servicio de alimentos, como platos, vasos, cucharas y tenedores, as\u00ed como equipos de cocina tales como parrillas, refrigeradores, alacenas, licuadoras y otros utensilios esenciales.<\/p>\n<p>La presidenta del Sistema DIF Nuevo Laredo, Claudette Canturosas Villarreal, destaca la importancia de este programa para las familias neolaredenses.<\/p>\n<p>\u201cEl acceso a alimentos nutritivos es esencial para el desarrollo f\u00edsico y cognitivo de nuestros ni\u00f1os y para el bienestar general de nuestras familias\u201d, afirmo.<\/p>\n<p>Agreg\u00f3 que estos recursos son fundamentales para garantizar la preparaci\u00f3n adecuada y la distribuci\u00f3n eficiente de los alimentos, contribuyendo as\u00ed a mejorar la calidad de vida de quienes dependen de estos servicios.<\/p>\n<p>Por Staff<br \/>\nExpreso \u2013 La Raz\u00f3n<\/p>\n","protected":false},"excerpt":{"rendered":"<p>CIUDAD VICTORIA, TAMAULIPAS.- Como parte de una gira de trabajo realizada por la Unidad Deportiva Adolfo Ruiz Cortines de esta ciudad, el doctor Am\u00e9rico Villarreal, gobernador del estado y la doctora Mar\u00eda de Villarreal, presidenta del DIF Tamaulipas, acompa\u00f1ados de autoridades estatales y municipales, abrieron las puertas de la cafeter\u00eda \u201cDisfruta, apapachos a tu salud\u201d. [&hellip;]<\/p>\n","protected":false},"author":4,"featured_media":17441,"comment_status":"closed","ping_status":"closed","sticky":false,"template":"","format":"standard","meta":{"footnotes":""},"categories":[3],"tags":[],"class_list":["post-17440","post","type-post","status-publish","format-standard","has-post-thumbnail","hentry","category-victoria"],"_links":{"self":[{"href":"https:\/\/conexiontotal.press\/index.php\/wp-json\/wp\/v2\/posts\/17440","targetHints":{"allow":["GET"]}}],"collection":[{"href":"https:\/\/conexiontotal.press\/index.php\/wp-json\/wp\/v2\/posts"}],"about":[{"href":"https:\/\/conexiontotal.press\/index.php\/wp-json\/wp\/v2\/types\/post"}],"author":[{"embeddable":true,"href":"https:\/\/conexiontotal.press\/index.php\/wp-json\/wp\/v2\/users\/4"}],"replies":[{"embeddable":true,"href":"https:\/\/conexiontotal.press\/index.php\/wp-json\/wp\/v2\/comments?post=17440"}],"version-history":[{"count":1,"href":"https:\/\/conexiontotal.press\/index.php\/wp-json\/wp\/v2\/posts\/17440\/revisions"}],"predecessor-version":[{"id":17442,"href":"https:\/\/conexiontotal.press\/index.php\/wp-json\/wp\/v2\/posts\/17440\/revisions\/17442"}],"wp:featuredmedia":[{"embeddable":true,"href":"https:\/\/conexiontotal.press\/index.php\/wp-json\/wp\/v2\/media\/17441"}],"wp:attachment":[{"href":"https:\/\/conexiontotal.press\/index.php\/wp-json\/wp\/v2\/media?parent=17440"}],"wp:term":[{"taxonomy":"category","embeddable":true,"href":"https:\/\/conexiontotal.press\/index.php\/wp-json\/wp\/v2\/categories?post=17440"},{"taxonomy":"post_tag","embeddable":true,"href":"https:\/\/conexiontotal.press\/index.php\/wp-json\/wp\/v2\/tags?post=17440"}],"curies":[{"name":"wp","href":"https:\/\/api.w.org\/{rel}","templated":true}]}}