{"id":17557,"date":"2024-09-02T07:55:30","date_gmt":"2024-09-02T13:55:30","guid":{"rendered":"https:\/\/conexiontotal.press\/?p=17557"},"modified":"2024-09-02T07:55:30","modified_gmt":"2024-09-02T13:55:30","slug":"pasa-estafeta-de-la-transformacion","status":"publish","type":"post","link":"https:\/\/conexiontotal.press\/index.php\/2024\/09\/02\/pasa-estafeta-de-la-transformacion\/","title":{"rendered":"Pasa estafeta de la transformaci\u00f3n"},"content":{"rendered":"<p><strong>Ciudad de M\u00e9xico.- <\/strong>En su \u00faltimo informe de gobierno, el presidente Andr\u00e9s Manuel L\u00f3pez Obrador asegur\u00f3 que deja el cargo con la conciencia tranquila y muy contento, ya que est\u00e1 seguro que Claudia Sheinbaum, pr\u00f3xima mandataria, le dar\u00e1 continuidad al proceso de transformaci\u00f3n en el pa\u00eds y contribuir\u00e1 a reducir, a\u00fan m\u00e1s, la brecha de desigualdad generada por los gobiernos neoliberales.<\/p>\n<p>Durante su mensaje, de m\u00e1s de dos horas de duraci\u00f3n, el Presidente consult\u00f3 el sentir de la ciudadan\u00eda respecto a la elecci\u00f3n de jueces, magistrados y ministros por la v\u00eda del voto popular, uno de los ejes de la reforma al Poder Judicial, que ayer abri\u00f3 su proceso legislativo en el Congreso.<\/p>\n<p>Desde el Z\u00f3calo capitalino, frente a miles de personas que acudieron a escuchar su mensaje y que gritaron consignas contra la ministra presidenta de la Suprema Corte de Justicia de la Naci\u00f3n, el primer mandatario pregunt\u00f3 si quer\u00edan que el Presidente o los legisladores designaran a los juzgadores federales o si prefer\u00edan que \u00e9stos fueran electos en las urnas, planteamiento que los asistentes a la Plaza de la Constituci\u00f3n respaldaron.<\/p>\n<p>Bueno, esto ayuda a entender cu\u00e1l es el sentimiento del pueblo\u2026 y tambi\u00e9n para que lo internalicen nuestros vecinos, amigos y vecinos de Estados Unidos\u201d, expres\u00f3.<\/p>\n<p>Asimismo, enumer\u00f3 los logros de su administraci\u00f3n, entre los que destac\u00f3 el combate a la inseguridad y la baja en delitos como homicidios dolosos, pues \u201cya no existe un narcoestado\u201d como lo hubo en tiempos del gobierno de Felipe Calder\u00f3n; un sistema de salud \u201cmejor que el de Dinamarca\u201d, y un aumento hist\u00f3rico en el salario m\u00ednimo, entre otros rubros.<\/p>\n<p><strong>\u201cNO QUISIMOS TRANSAR; MEJOR, REFORMA JUDICIAL\u201d<\/strong><br \/>\nEl mensaje del presidente Andr\u00e9s Manuel L\u00f3pez Obrador con motivo de su Sexto Informe de Gobierno estuvo marcado por la reforma al Poder Judicial.<\/p>\n<p>Casi a la mitad de su discurso en el Z\u00f3calo, que dur\u00f3 m\u00e1s de dos horas, realiz\u00f3 una consulta a mano alzada sobre la elecci\u00f3n de jueces, magistrados y ministros, justo cuando hablaba sobre corrupci\u00f3n e impunidad.<\/p>\n<p>(En mi gobierno) no nos hubiese costado nada seguir con la tradici\u00f3n de siglos, de que se sumaran como ap\u00e9ndice los otros dos Poderes, porque durante mucho tiempo de pol\u00edtica autoritaria el Poder de los Poderes era el Ejecutivo\u201d, se\u00f1al\u00f3 para despu\u00e9s afirmar que ha actuado de manera respetuosa.<\/p>\n<p>No hemos querido transar para que nos aprueben todo; al contrario, hemos denunciado con hechos los actos de corrupci\u00f3n e influyentismo que predominan en el Poder Judicial\u201d, se\u00f1al\u00f3 para justificar su iniciativa, que ayer tuvo una primera lectura tras la apertura del Congreso de la Uni\u00f3n.<\/p>\n<p>Luego, pregunt\u00f3 a los asistentes: \u201c\u00bfUstedes qu\u00e9 prefieren, que a los ministros los elija el Presidente y los senadores o que los elija el pueblo?\u201d. La mayor\u00eda levant\u00f3 la mano en la segunda opci\u00f3n, entre gritos de \u201cFuera Pi\u00f1a, fuera Pi\u00f1a\u201d en alusi\u00f3n a la ministra presidenta de la Corte.<\/p>\n<p>Con el resultado a favor, L\u00f3pez Obrador mand\u00f3 un mensaje ante las cr\u00edticas que el embajador Ken Salazar hizo a la reforma judicial. \u201cPara que lo internalicen nuestros vecinos, amigos y vecinos de Estados Unidos, lo digo con todo respeto, que no olviden que la democracia en Am\u00e9rica, en Estados Unidos, comenz\u00f3 eligiendo a los jueces\u201d, agreg\u00f3.<\/p>\n<p><strong>OTRA CR\u00cdTICA<\/strong><br \/>\nEn el balance de resultados en seguridad, destac\u00f3 que en el pa\u00eds ya no existe un narcoestado y que la percepci\u00f3n ciudadana sobre la inseguridad mejor\u00f3. Adem\u00e1s, se increment\u00f3 el uso del trabajo de inteligencia por parte de los cuerpos de seguridad y, en consecuencia, disminuy\u00f3 el \u00edndice de letalidad.<\/p>\n<p>Al abordar el combate a las drogas, asever\u00f3 que el consumo en M\u00e9xico es bajo a diferencia de Estados Unidos, donde al a\u00f1o mueren 100 mil personas por sobredosis. Aprovech\u00f3 para volver a criticar al gobierno de ese pa\u00eds al considerar que ni lucha contra el consumo de drogas ni atiende las causas de ese problema.<\/p>\n<p>\u00bfSe va a resolver el problema s\u00f3lo deteniendo a capos del narcotr\u00e1fico? \u00bfSe va a resolver el problema desapareciendo el fentanilo?\u201d, cuestion\u00f3.<\/p>\n<p><strong>LA VERDAD, PENDIENTE<\/strong><br \/>\nA unos d\u00edas de que se cumplan diez a\u00f1os de la noche de Iguala, reconoci\u00f3 que sigue pendiente resolver la desaparici\u00f3n de los 43 normalistas.<\/p>\n<p>Avanzamos en la investigaci\u00f3n para encontrar a los j\u00f3venes de Ayotzinapa. \u00c9sa es una asignatura pendiente, pero todav\u00eda no termino mi mandato como Presidente y vamos a seguirlos buscando a los j\u00f3venes\u201d, expres\u00f3.<\/p>\n<p>Como en otras ocasiones, reconoci\u00f3 el papel de las Fuerzas Armadas para llevar a cabo las obras insignia de su administraci\u00f3n.<\/p>\n<p><strong>MEJOR QUE DINAMARCA<\/strong><br \/>\nAl recordar que el IMSS-Bienestar ya es una realidad en 23 estados, el titular del Ejecutivo afirm\u00f3 que este sistema de salud universal supera a cualquier otro.<\/p>\n<p>Este sistema de salud p\u00fablica ya es el m\u00e1s eficaz en el mundo. Dije que iba a ser el mejor, que iba a ser como en Dinamarca; no, no es como en Dinamarca, es mejor que en Dinamarca\u201d, sostuvo entre aplausos de sus seguidores que, aunque sentados, soportaron el sol durante todo el mensaje.<\/p>\n<p><strong>CONTENTO, PASA LA ESTAFETA<\/strong><br \/>\nEn la parte final de su discurso, el pol\u00edtico tabasque\u00f1o asegur\u00f3 que se va contento y con la conciencia tranquila, ya que con Claudia Sheinbaum se reducir\u00e1 a\u00fan m\u00e1s la brecha de desigualdad que durante 36 a\u00f1os generaron \u201clos gobiernos neoliberales\u201d.<\/p>\n<p>La Presidenta electa, quien asisti\u00f3 como invitada de honor, fue arropada con porras y gritos de \u201c\u00a1Presidenta, Presidenta!\u201d al menos en tres ocasiones. El titular del Ejecutivo federal se refiri\u00f3 a ella como \u201cuna mujer extraordinaria y preparada\u201d.<\/p>\n<p>L\u00f3pez Obrador llam\u00f3 a los simpatizantes de su movimiento a seguir luchando para fortalecer lo alcanzado.<\/p>\n<p>Aun con lo mucho que se ha logrado, todav\u00eda es notorio el atraso que padecemos por el largo y tormentoso periodo en que el gobierno estuvo en manos de oligarcas insensibles, que nunca se preocuparon por el bienestar del pueblo y s\u00f3lo se dedicaron a saquear e impedir el progreso con justicia de quienes nacimos, vivimos en este para\u00edso llamado M\u00e9xico\u201d, se\u00f1al\u00f3.<\/p>\n<p><strong>Y LA NOSTALGIA INVADI\u00d3 AL Z\u00d3CALO<\/strong><br \/>\nEl fin se acerca y es tiempo de rendir cuentas. Los sentimientos encontrados fueron la norma en la Plaza de la Constituci\u00f3n, en el que pudo ser el \u00faltimo mitin encabezado por Andr\u00e9s Manuel L\u00f3pez Obrador en su vida p\u00fablica.<\/p>\n<p>El Presidente dio lectura a su sexto informe ante miles de personas reunidas en el Z\u00f3calo, donde, de forma inusual, se instalaron sillas para que los asistentes pudieran escuchar durante dos horas y tres minutos el discurso.<\/p>\n<p>No todos sus informes los ley\u00f3 en el Z\u00f3calo, como era su intenci\u00f3n, pues durante la pandemia el acto se realiz\u00f3 en diversos puntos de Palacio Nacional.<\/p>\n<p>Ahora, ante la plaza llena, pero sin el estruendo de las tardes de desafuero o de los cierres de campa\u00f1a, L\u00f3pez Obrador encabez\u00f3 un mitin en el que, si bien dio cifras, habl\u00f3 de obras y de un cambio en la forma de gobernar, en realidad fue una ma\u00f1ana de melancol\u00eda a un mes del fin de su sexenio.<\/p>\n<p>Es un sabor agridulce; en primer lugar, mucho que celebrar por los extraordinarios logros en este sexenio pero tambi\u00e9n un sabor a despedida\u201d, confi\u00f3 tras el acto Alfonso Durazo, gobernador de Sonora.<\/p>\n<p>Tambi\u00e9n hubo agradecimiento por parte de gobernadores en cuyas entidades se edificaron proyectos de infraestructura.<\/p>\n<p>\u201cHa invertido como nunca nadie, ha cortado las brechas de desigualdad, un trabajo impresionante que veremos ahora que realice su gira en este mes\u201d, expuso Mara Lezama, gobernadora de Quintana Roo, una de las entidades que m\u00e1s recursos recibi\u00f3 a trav\u00e9s de obras.<\/p>\n<p>Otros entienden que lo hecho por L\u00f3pez Obrador es el inicio de un proyecto de pa\u00eds que a\u00fan debe consolidarse.<\/p>\n<p>El proyecto que se comenz\u00f3 y que se tiene que consolidar est\u00e1 en el mejor momento y, efectivamente, los cambios llevan tiempo, pero cuando est\u00e1n claros y con convicci\u00f3n y con este compromiso es cuando se sacan adelante\u201d, coment\u00f3 Luis Wertman, comisionado del Servicio de Protecci\u00f3n Federal.<\/p>\n<p>Se hizo realmente el primer piso de la transformaci\u00f3n, se sentaron las ra\u00edces de un cambio que no se hab\u00eda visto en d\u00e9cadas. Estamos contentos en todos los aspectos y en salud muy gustosos. Con mucho trabajo por delante, hay que consolidar muchas cosas, pero la transformaci\u00f3n est\u00e1 en curso\u201d, destac\u00f3 Ruy L\u00f3pez Ridaura, subsecretario de Salud.<\/p>\n<p>Estuvieron tambi\u00e9n los que saben que apenas es el arranque de un proyecto social que requiere seguir el rumbo marcado por L\u00f3pez Obrador.<\/p>\n<p>Lo m\u00e1s importante es el viraje que se dio en el terreno social y econ\u00f3mico. Se recuper\u00f3 la primac\u00eda del inter\u00e9s p\u00fablico por encima de cualquier inter\u00e9s particular y el aspecto social, la funci\u00f3n social del Estado\u201d, estableci\u00f3 el Jefe de Gobierno, Mart\u00ed Batres.<\/p>\n<p>Dentro de un mes, en el mismo Z\u00f3calo, Claudia Sheinbaum dar\u00e1 un mensaje con motivo de su toma de protesta como Presidenta de M\u00e9xico.<\/p>\n","protected":false},"excerpt":{"rendered":"<p>Ciudad de M\u00e9xico.- En su \u00faltimo informe de gobierno, el presidente Andr\u00e9s Manuel L\u00f3pez Obrador asegur\u00f3 que deja el cargo con la conciencia tranquila y muy contento, ya que est\u00e1 seguro que Claudia Sheinbaum, pr\u00f3xima mandataria, le dar\u00e1 continuidad al proceso de transformaci\u00f3n en el pa\u00eds y contribuir\u00e1 a reducir, a\u00fan m\u00e1s, la brecha de [&hellip;]<\/p>\n","protected":false},"author":4,"featured_media":17558,"comment_status":"closed","ping_status":"closed","sticky":false,"template":"","format":"standard","meta":{"footnotes":""},"categories":[12],"tags":[],"class_list":["post-17557","post","type-post","status-publish","format-standard","has-post-thumbnail","hentry","category-mexico"],"_links":{"self":[{"href":"https:\/\/conexiontotal.press\/index.php\/wp-json\/wp\/v2\/posts\/17557","targetHints":{"allow":["GET"]}}],"collection":[{"href":"https:\/\/conexiontotal.press\/index.php\/wp-json\/wp\/v2\/posts"}],"about":[{"href":"https:\/\/conexiontotal.press\/index.php\/wp-json\/wp\/v2\/types\/post"}],"author":[{"embeddable":true,"href":"https:\/\/conexiontotal.press\/index.php\/wp-json\/wp\/v2\/users\/4"}],"replies":[{"embeddable":true,"href":"https:\/\/conexiontotal.press\/index.php\/wp-json\/wp\/v2\/comments?post=17557"}],"version-history":[{"count":1,"href":"https:\/\/conexiontotal.press\/index.php\/wp-json\/wp\/v2\/posts\/17557\/revisions"}],"predecessor-version":[{"id":17559,"href":"https:\/\/conexiontotal.press\/index.php\/wp-json\/wp\/v2\/posts\/17557\/revisions\/17559"}],"wp:featuredmedia":[{"embeddable":true,"href":"https:\/\/conexiontotal.press\/index.php\/wp-json\/wp\/v2\/media\/17558"}],"wp:attachment":[{"href":"https:\/\/conexiontotal.press\/index.php\/wp-json\/wp\/v2\/media?parent=17557"}],"wp:term":[{"taxonomy":"category","embeddable":true,"href":"https:\/\/conexiontotal.press\/index.php\/wp-json\/wp\/v2\/categories?post=17557"},{"taxonomy":"post_tag","embeddable":true,"href":"https:\/\/conexiontotal.press\/index.php\/wp-json\/wp\/v2\/tags?post=17557"}],"curies":[{"name":"wp","href":"https:\/\/api.w.org\/{rel}","templated":true}]}}