{"id":17563,"date":"2024-08-26T08:03:53","date_gmt":"2024-08-26T14:03:53","guid":{"rendered":"https:\/\/conexiontotal.press\/?p=17563"},"modified":"2024-09-02T08:04:05","modified_gmt":"2024-09-02T14:04:05","slug":"entregara-secretaria-de-salud-cartillas-gratuitas-en-dif-victoria","status":"publish","type":"post","link":"https:\/\/conexiontotal.press\/index.php\/2024\/08\/26\/entregara-secretaria-de-salud-cartillas-gratuitas-en-dif-victoria\/","title":{"rendered":"Entregar\u00e1 Secretar\u00eda de Salud cartillas gratuitas en DIF Victoria"},"content":{"rendered":"<p><strong>Ciudad Victoria, Tamaulipas. \u2013<\/strong> Como parte de las m\u00faltiples acciones para el fomento al cuidado de la salud que emprende la Secretar\u00eda de Salud de Tamaulipas, personal de dicha instituci\u00f3n instal\u00f3 en la Cl\u00ednica de Atenci\u00f3n a la Salud del Sistema DIF Victoria un m\u00f3dulo temporal para otorgar de forma gratuita a la poblaci\u00f3n la Cartilla Nacional de Salud, un documento con validez federal para el registro de acciones relacionadas al cuidado de la salud con el fin de prevenir enfermedades.<\/p>\n<p>A temprana hora, la Presidenta del Sistema DIF Victoria Lucy de Gatt\u00e1s acudi\u00f3 acompa\u00f1ada de su esposo, el Presidente Municipal Eduardo Gatt\u00e1s, a realizar el tr\u00e1mite de \u00e9ste documento, y de la misma forma, realizar la atenta invitaci\u00f3n a las familias victorenses que no cuenten con \u00e9sta para acudir al m\u00f3dulo y que as\u00ed les pueda ser entregada de forma r\u00e1pida y gratuita.<\/p>\n<p>Dentro del m\u00f3dulo en el DIF Victoria, la cartilla se estar\u00e1 otorgando al presentar una identificaci\u00f3n oficial con CURP Visible, durante la semana del 26 al 30 de agosto, en la Cl\u00ednica de Atenci\u00f3n a la Salud del Sistema DIF Victoria en el 16 Berrioz\u00e1bal, en un horario de 8:00 am a 2:00 pm.<\/p>\n","protected":false},"excerpt":{"rendered":"<p>Ciudad Victoria, Tamaulipas. \u2013 Como parte de las m\u00faltiples acciones para el fomento al cuidado de la salud que emprende la Secretar\u00eda de Salud de Tamaulipas, personal de dicha instituci\u00f3n instal\u00f3 en la Cl\u00ednica de Atenci\u00f3n a la Salud del Sistema DIF Victoria un m\u00f3dulo temporal para otorgar de forma gratuita a la poblaci\u00f3n la [&hellip;]<\/p>\n","protected":false},"author":4,"featured_media":17564,"comment_status":"closed","ping_status":"closed","sticky":false,"template":"","format":"standard","meta":{"footnotes":""},"categories":[3],"tags":[],"class_list":["post-17563","post","type-post","status-publish","format-standard","has-post-thumbnail","hentry","category-victoria"],"_links":{"self":[{"href":"https:\/\/conexiontotal.press\/index.php\/wp-json\/wp\/v2\/posts\/17563","targetHints":{"allow":["GET"]}}],"collection":[{"href":"https:\/\/conexiontotal.press\/index.php\/wp-json\/wp\/v2\/posts"}],"about":[{"href":"https:\/\/conexiontotal.press\/index.php\/wp-json\/wp\/v2\/types\/post"}],"author":[{"embeddable":true,"href":"https:\/\/conexiontotal.press\/index.php\/wp-json\/wp\/v2\/users\/4"}],"replies":[{"embeddable":true,"href":"https:\/\/conexiontotal.press\/index.php\/wp-json\/wp\/v2\/comments?post=17563"}],"version-history":[{"count":1,"href":"https:\/\/conexiontotal.press\/index.php\/wp-json\/wp\/v2\/posts\/17563\/revisions"}],"predecessor-version":[{"id":17565,"href":"https:\/\/conexiontotal.press\/index.php\/wp-json\/wp\/v2\/posts\/17563\/revisions\/17565"}],"wp:featuredmedia":[{"embeddable":true,"href":"https:\/\/conexiontotal.press\/index.php\/wp-json\/wp\/v2\/media\/17564"}],"wp:attachment":[{"href":"https:\/\/conexiontotal.press\/index.php\/wp-json\/wp\/v2\/media?parent=17563"}],"wp:term":[{"taxonomy":"category","embeddable":true,"href":"https:\/\/conexiontotal.press\/index.php\/wp-json\/wp\/v2\/categories?post=17563"},{"taxonomy":"post_tag","embeddable":true,"href":"https:\/\/conexiontotal.press\/index.php\/wp-json\/wp\/v2\/tags?post=17563"}],"curies":[{"name":"wp","href":"https:\/\/api.w.org\/{rel}","templated":true}]}}