{"id":17572,"date":"2024-08-14T08:14:36","date_gmt":"2024-08-14T14:14:36","guid":{"rendered":"https:\/\/conexiontotal.press\/?p=17572"},"modified":"2024-09-02T08:14:47","modified_gmt":"2024-09-02T14:14:47","slug":"celebra-comapa-victoria-duodecima-primera-sesion-de-consejo-de-administracion","status":"publish","type":"post","link":"https:\/\/conexiontotal.press\/index.php\/2024\/08\/14\/celebra-comapa-victoria-duodecima-primera-sesion-de-consejo-de-administracion\/","title":{"rendered":"Celebra COMAPA Victoria duod\u00e9cima primera sesi\u00f3n de Consejo de Administraci\u00f3n"},"content":{"rendered":"<p><strong>Ciudad Victoria, Tamaulipas. \u2013<\/strong> El presidente municipal de Victoria presidi\u00f3 la Duod\u00e9cima Primera Sesi\u00f3n Ordinaria de Consejo de Administraci\u00f3n de COMAPA en la que se aprob\u00f3 el avance financiero, plan de obras y actualizaci\u00f3n del programa de distribuci\u00f3n de agua con la recuperaci\u00f3n del 52.72% de almacenamiento de la presa Vicente Guerrero y pozos de la ciudad.<\/p>\n<p>Ante integrantes del consejo, conformado por representantes del Gobierno del Estado, sector empresarial y del municipio, el gerente general Eliseo Garc\u00eda Leal inform\u00f3 que el organismo opera con n\u00fameros positivos como resultado de la \u00f3ptima administraci\u00f3n financiera y de recursos que se emplean en el mantenimiento de la red de agua potable y drenaje.<\/p>\n<p>C\u00f3mo presidente del Consejo de Administraci\u00f3n, Gatt\u00e1s B\u00e1ez fue informado del proceso de licitaci\u00f3n por parte del Estado de la planta potabilizadora que incluye el proyecto de la segunda l\u00ednea del acueducto para la ciudad y la construcci\u00f3n de un nuevo tanque de almacenamiento en el sector Cofrades.<\/p>\n<p>Garc\u00eda Leal detall\u00f3 que, en acciones de campo, se han atendido con recursos del gobierno estatal 3 de los 8 socavones que dejaron las recientes lluvias, la programaci\u00f3n de trabajos de bacheo en 550 puntos donde el organismo operador realizar\u00e1 reparaciones con una inversi\u00f3n de 5 millones de pesos.<\/p>\n<p>En el informe, incluy\u00f3 trabajos de rehabilitaci\u00f3n en la infraestructura del rebombeo 1 y 2, as\u00ed como en planta potabilizadora y en infraestructura el\u00e9ctrica, la reparaci\u00f3n durante esta administraci\u00f3n de 9,053, 623 colapsos (ca\u00eddos) y 108 atenciones en la zona rural, as\u00ed como la atenci\u00f3n de reportes de fugas con apoyo de las dos unidades vactor.<\/p>\n","protected":false},"excerpt":{"rendered":"<p>Ciudad Victoria, Tamaulipas. \u2013 El presidente municipal de Victoria presidi\u00f3 la Duod\u00e9cima Primera Sesi\u00f3n Ordinaria de Consejo de Administraci\u00f3n de COMAPA en la que se aprob\u00f3 el avance financiero, plan de obras y actualizaci\u00f3n del programa de distribuci\u00f3n de agua con la recuperaci\u00f3n del 52.72% de almacenamiento de la presa Vicente Guerrero y pozos de [&hellip;]<\/p>\n","protected":false},"author":4,"featured_media":17573,"comment_status":"closed","ping_status":"closed","sticky":false,"template":"","format":"standard","meta":{"footnotes":""},"categories":[3],"tags":[],"class_list":["post-17572","post","type-post","status-publish","format-standard","has-post-thumbnail","hentry","category-victoria"],"_links":{"self":[{"href":"https:\/\/conexiontotal.press\/index.php\/wp-json\/wp\/v2\/posts\/17572","targetHints":{"allow":["GET"]}}],"collection":[{"href":"https:\/\/conexiontotal.press\/index.php\/wp-json\/wp\/v2\/posts"}],"about":[{"href":"https:\/\/conexiontotal.press\/index.php\/wp-json\/wp\/v2\/types\/post"}],"author":[{"embeddable":true,"href":"https:\/\/conexiontotal.press\/index.php\/wp-json\/wp\/v2\/users\/4"}],"replies":[{"embeddable":true,"href":"https:\/\/conexiontotal.press\/index.php\/wp-json\/wp\/v2\/comments?post=17572"}],"version-history":[{"count":1,"href":"https:\/\/conexiontotal.press\/index.php\/wp-json\/wp\/v2\/posts\/17572\/revisions"}],"predecessor-version":[{"id":17574,"href":"https:\/\/conexiontotal.press\/index.php\/wp-json\/wp\/v2\/posts\/17572\/revisions\/17574"}],"wp:featuredmedia":[{"embeddable":true,"href":"https:\/\/conexiontotal.press\/index.php\/wp-json\/wp\/v2\/media\/17573"}],"wp:attachment":[{"href":"https:\/\/conexiontotal.press\/index.php\/wp-json\/wp\/v2\/media?parent=17572"}],"wp:term":[{"taxonomy":"category","embeddable":true,"href":"https:\/\/conexiontotal.press\/index.php\/wp-json\/wp\/v2\/categories?post=17572"},{"taxonomy":"post_tag","embeddable":true,"href":"https:\/\/conexiontotal.press\/index.php\/wp-json\/wp\/v2\/tags?post=17572"}],"curies":[{"name":"wp","href":"https:\/\/api.w.org\/{rel}","templated":true}]}}