{"id":17578,"date":"2024-08-09T08:20:09","date_gmt":"2024-08-09T14:20:09","guid":{"rendered":"https:\/\/conexiontotal.press\/?p=17578"},"modified":"2024-09-02T08:20:19","modified_gmt":"2024-09-02T14:20:19","slug":"agua-de-victoria-apta-para-uso-y-consumo-humano-coepris","status":"publish","type":"post","link":"https:\/\/conexiontotal.press\/index.php\/2024\/08\/09\/agua-de-victoria-apta-para-uso-y-consumo-humano-coepris\/","title":{"rendered":"Agua de Victoria apta para uso y consumo humano: COEPRIS"},"content":{"rendered":"<p><strong>Ciudad Victoria, Tamaulipas. \u2013<\/strong> La Secretar\u00eda de Salud, a trav\u00e9s de la Comisi\u00f3n Estatal para la Protecci\u00f3n Contra Riesgos Sanitarios (COEPRIS), determin\u00f3 que el agua que abastece COMAPA Victoria a los usuarios es apta para uso y consumo humano al estar libre de bacterias.<\/p>\n<p>El anuncio se dio durante la sesi\u00f3n n\u00famero 19 de la Mesa Municipal de Salud, en la que participaron representantes de instituciones como el IMSS, ISSSTE y \u00e1reas del Gobierno Municipal que coadyuvan en acciones de promoci\u00f3n de la salud, limpieza y control de enfermedades.<\/p>\n<p>En el informe presentado por el titular de COEPRIS, se precis\u00f3 que en el \u00faltimo monitoreo no se detect\u00f3 presencia de g\u00e9rmenes que generen enfermedades gastrointestinales por el consumo de agua que se abastece a trav\u00e9s de la red de distribuci\u00f3n de la ciudad.<\/p>\n<p>Durante la reuni\u00f3n de trabajo, se acord\u00f3 intensificar campa\u00f1as de concientizaci\u00f3n sobre la recomendaci\u00f3n de medidas de higiene en el manejo de alimentos para expendedores, incrementar la fumigaci\u00f3n, el control larvario y el descacharre contra el mosquito transmisor del dengue en colonias y \u00e1rea rural de Victoria.<\/p>\n<p>Entre otros acuerdos, se reforzar\u00e1n acciones entre los entes vinculantes, que comprenden impulsar campa\u00f1as preventivas habituales para evitar enfermedades respiratorias, programas de recomendaciones a yonques sobre medidas de prevenci\u00f3n, y mantener en consigna las regulaciones correctas en almacenamiento de agua en el caso de las albercas.<\/p>\n<p>Por \u00faltimo, se dio a conocer que la situaci\u00f3n epidemiol\u00f3gica en Victoria indica que, en lo que va del a\u00f1o, se han presentado 543 casos de enfermedades diarreicas, 4 casos de COVID-19, 11 casos de dengue no graves y 11 casos de influenza, con una defunci\u00f3n.<\/p>\n","protected":false},"excerpt":{"rendered":"<p>Ciudad Victoria, Tamaulipas. \u2013 La Secretar\u00eda de Salud, a trav\u00e9s de la Comisi\u00f3n Estatal para la Protecci\u00f3n Contra Riesgos Sanitarios (COEPRIS), determin\u00f3 que el agua que abastece COMAPA Victoria a los usuarios es apta para uso y consumo humano al estar libre de bacterias. El anuncio se dio durante la sesi\u00f3n n\u00famero 19 de la [&hellip;]<\/p>\n","protected":false},"author":4,"featured_media":17579,"comment_status":"closed","ping_status":"closed","sticky":false,"template":"","format":"standard","meta":{"footnotes":""},"categories":[3],"tags":[],"class_list":["post-17578","post","type-post","status-publish","format-standard","has-post-thumbnail","hentry","category-victoria"],"_links":{"self":[{"href":"https:\/\/conexiontotal.press\/index.php\/wp-json\/wp\/v2\/posts\/17578","targetHints":{"allow":["GET"]}}],"collection":[{"href":"https:\/\/conexiontotal.press\/index.php\/wp-json\/wp\/v2\/posts"}],"about":[{"href":"https:\/\/conexiontotal.press\/index.php\/wp-json\/wp\/v2\/types\/post"}],"author":[{"embeddable":true,"href":"https:\/\/conexiontotal.press\/index.php\/wp-json\/wp\/v2\/users\/4"}],"replies":[{"embeddable":true,"href":"https:\/\/conexiontotal.press\/index.php\/wp-json\/wp\/v2\/comments?post=17578"}],"version-history":[{"count":1,"href":"https:\/\/conexiontotal.press\/index.php\/wp-json\/wp\/v2\/posts\/17578\/revisions"}],"predecessor-version":[{"id":17580,"href":"https:\/\/conexiontotal.press\/index.php\/wp-json\/wp\/v2\/posts\/17578\/revisions\/17580"}],"wp:featuredmedia":[{"embeddable":true,"href":"https:\/\/conexiontotal.press\/index.php\/wp-json\/wp\/v2\/media\/17579"}],"wp:attachment":[{"href":"https:\/\/conexiontotal.press\/index.php\/wp-json\/wp\/v2\/media?parent=17578"}],"wp:term":[{"taxonomy":"category","embeddable":true,"href":"https:\/\/conexiontotal.press\/index.php\/wp-json\/wp\/v2\/categories?post=17578"},{"taxonomy":"post_tag","embeddable":true,"href":"https:\/\/conexiontotal.press\/index.php\/wp-json\/wp\/v2\/tags?post=17578"}],"curies":[{"name":"wp","href":"https:\/\/api.w.org\/{rel}","templated":true}]}}