{"id":17620,"date":"2024-09-12T10:22:45","date_gmt":"2024-09-12T16:22:45","guid":{"rendered":"https:\/\/conexiontotal.press\/?p=17620"},"modified":"2024-09-14T10:22:52","modified_gmt":"2024-09-14T16:22:52","slug":"congreso-de-tamaulipas-aprueba-la-reforma-al-poder-judicial","status":"publish","type":"post","link":"https:\/\/conexiontotal.press\/index.php\/2024\/09\/12\/congreso-de-tamaulipas-aprueba-la-reforma-al-poder-judicial\/","title":{"rendered":"Congreso de Tamaulipas aprueba la Reforma al Poder Judicial"},"content":{"rendered":"<p>CIUDAD VICTORIA, Tam.- Con 20 votos a favor, una abstenci\u00f3n de la diputada Nora G\u00f3mez y 10 en contra, la reforma al Poder Judicial fue aprobada en Tamaulipas, convirti\u00e9ndose en el congreso n\u00famero 17 del pa\u00eds que la aprueba.<\/p>\n<p>En una sesi\u00f3n apresurada a la que se cit\u00f3 a las 6:30 de la ma\u00f1ana, los diputados de Morena consumaron la reforma que primero se aprob\u00f3 en sesi\u00f3n de la Diputaci\u00f3n Permanente y luego en el Pleno.<\/p>\n<p>Aunque la sesi\u00f3n se hab\u00eda programado desde el lunes al t\u00e9rmino de la sesi\u00f3n de la diputaci\u00f3n permanente, algunos de los diputados llegaron tarde y su entrada al edificio fue frenada debido a que las puertas se cerraron con candado.<\/p>\n<p>Desde la ma\u00f1ana del mi\u00e9rcoles que comenzaron a llegar trabajadores del Poder judicial a las afueras del recinto legislativo, se dispuso de polic\u00edas antimotines que hicieron una valla por dentro, para evitar que los manifestantes ingresaran al recinto.<\/p>\n<p>Entre gritos de consignas a la reforma, con cartulinas y mantas, algunos trabajadores que hab\u00edan pernoctado en el lugar, ped\u00edan a los legisladores que llegaban, que les permitieran entrar a una comisi\u00f3n de cuatro, lo que no fue autorizado.<\/p>\n<p>La sesi\u00f3n inici\u00f3 con 20 diputados presentes y la ausencia de Nora Hinojosa Garc\u00eda, quien previamente avis\u00f3 de su inasistencia a la sesi\u00f3n extraordinaria.<\/p>\n<p>El diputado Humberto Prieto Herrera explic\u00f3 que la reforma tiene como prop\u00f3sito, \u201cdevolverle al pueblo de M\u00e9xico, la facultad de decidir qui\u00e9n imparte justicia en nuestro pa\u00eds, asegurando una judicatura transparente, eficaz y que satisfaga las necesidades y requerimientos que la poblaci\u00f3n exige\u201d.<\/p>\n<p>Dijo que con la misma se pretende la democratizaci\u00f3n del Poder Judicial, \u201cpermitiendo que la ciudadan\u00eda elija mediante voto popular a sus autoridades judiciales, erradicando las viejas pr\u00e1cticas de cuotas partidistas e intereses personales\u201d.<\/p>\n<p>Asegurando que con ello, se protege la independencia del sistema judicial, \u201cdando fin a la corrupci\u00f3n que por a\u00f1os ha lacerado el tejido social\u201d, apuntando que se propone un \u00f3rgano de administraci\u00f3n judicial aut\u00f3nomo y un tribunal de diciplina judicial, \u201cerigiendo una justicia sin influencias externas\u201d.<\/p>\n<p>En ese momento, las voces de los diputados en contra de la reforma comenzaron a alzarse para reclamar, mientras que del otro lado tambi\u00e9n los legisladores de Morena, para apoyar a su compa\u00f1ero que se encontraba en tribuna.<\/p>\n<p>A nombre de la bancada de Acci\u00f3n Nacional, la congresista Nancy Ru\u00edz Mart\u00ednez hizo un posicionamiento en contra del dictamen, se\u00f1alando que con la reforma, \u201cla Rep\u00fablica se encuentra amenazada a manos de un grupo, que sin ning\u00fan pudor, aprueban todo lo que su jefe les indica\u201d.<\/p>\n<p>Se\u00f1al\u00f3 que la reforma judicial, \u201ctiene como \u00fanico objetivo politizar la justicia de un pa\u00eds, donde la pol\u00edtica ha sido usada para perpetuar en el poder a las mismas personas de siempre\u201d.<\/p>\n<p>Dijo que la reforma no est\u00e1 a favor de mejorar las condiciones de impartici\u00f3n de justicia, \u201cni est\u00e1 desarrollada para garantizar la justicia de las v\u00edctimas, no es integral ya que las fiscal\u00edas no se ven afectadas y son ellas las principales responsable de que en materia penal, las v\u00edctimas no tengan la justicia que anhelan\u201d.<\/p>\n<p>POR PERLA RES\u00c9NDEZ<\/p>\n","protected":false},"excerpt":{"rendered":"<p>CIUDAD VICTORIA, Tam.- Con 20 votos a favor, una abstenci\u00f3n de la diputada Nora G\u00f3mez y 10 en contra, la reforma al Poder Judicial fue aprobada en Tamaulipas, convirti\u00e9ndose en el congreso n\u00famero 17 del pa\u00eds que la aprueba. En una sesi\u00f3n apresurada a la que se cit\u00f3 a las 6:30 de la ma\u00f1ana, los [&hellip;]<\/p>\n","protected":false},"author":4,"featured_media":17621,"comment_status":"closed","ping_status":"closed","sticky":false,"template":"","format":"standard","meta":{"footnotes":""},"categories":[3],"tags":[],"class_list":["post-17620","post","type-post","status-publish","format-standard","has-post-thumbnail","hentry","category-victoria"],"_links":{"self":[{"href":"https:\/\/conexiontotal.press\/index.php\/wp-json\/wp\/v2\/posts\/17620","targetHints":{"allow":["GET"]}}],"collection":[{"href":"https:\/\/conexiontotal.press\/index.php\/wp-json\/wp\/v2\/posts"}],"about":[{"href":"https:\/\/conexiontotal.press\/index.php\/wp-json\/wp\/v2\/types\/post"}],"author":[{"embeddable":true,"href":"https:\/\/conexiontotal.press\/index.php\/wp-json\/wp\/v2\/users\/4"}],"replies":[{"embeddable":true,"href":"https:\/\/conexiontotal.press\/index.php\/wp-json\/wp\/v2\/comments?post=17620"}],"version-history":[{"count":1,"href":"https:\/\/conexiontotal.press\/index.php\/wp-json\/wp\/v2\/posts\/17620\/revisions"}],"predecessor-version":[{"id":17622,"href":"https:\/\/conexiontotal.press\/index.php\/wp-json\/wp\/v2\/posts\/17620\/revisions\/17622"}],"wp:featuredmedia":[{"embeddable":true,"href":"https:\/\/conexiontotal.press\/index.php\/wp-json\/wp\/v2\/media\/17621"}],"wp:attachment":[{"href":"https:\/\/conexiontotal.press\/index.php\/wp-json\/wp\/v2\/media?parent=17620"}],"wp:term":[{"taxonomy":"category","embeddable":true,"href":"https:\/\/conexiontotal.press\/index.php\/wp-json\/wp\/v2\/categories?post=17620"},{"taxonomy":"post_tag","embeddable":true,"href":"https:\/\/conexiontotal.press\/index.php\/wp-json\/wp\/v2\/tags?post=17620"}],"curies":[{"name":"wp","href":"https:\/\/api.w.org\/{rel}","templated":true}]}}