{"id":17629,"date":"2024-09-14T10:27:55","date_gmt":"2024-09-14T16:27:55","guid":{"rendered":"https:\/\/conexiontotal.press\/?p=17629"},"modified":"2024-09-14T10:27:55","modified_gmt":"2024-09-14T16:27:55","slug":"choque-de-autobuses-deja-4-hospitalizados-2-son-menores-de-edad","status":"publish","type":"post","link":"https:\/\/conexiontotal.press\/index.php\/2024\/09\/14\/choque-de-autobuses-deja-4-hospitalizados-2-son-menores-de-edad\/","title":{"rendered":"Choque de autobuses deja 4 hospitalizados; 2 son menores de edad"},"content":{"rendered":"<p>TAMPICO, TAMAULIPAS.- Durante la ma\u00f1ana del s\u00e1bado se registr\u00f3 un fuerte choque entre dos autobuses del transporte p\u00fablico, dejando como saldo 6 lesionados, cuatro fueron trasladados a hospitales.<\/p>\n<p>Los hechos ocurrieron en el cruce de las calles \u00c1lvaro Obreg\u00f3n y C\u00e9sar L\u00f3pez de Lara en la zona centro del municipio de Tampico.<\/p>\n<p>Durante las primeras horas del s\u00e1bado, ocurri\u00f3 un fuerte encontronazo entre dos unidades, se trata de un autob\u00fas de la empresa Urban y un microb\u00fas de la ruta Altamira por Bulevar.<\/p>\n<p>Primeros informes se\u00f1alan que una de las dos unidades se pas\u00f3 la luz roja del sem\u00e1foro, aunado a que se desplazan a una velocidad mayor a la permitida.<\/p>\n<p>Vidrios, pl\u00e1sticos, fierros y hules, quedaron sobre el pavimento, mientras que al interior del microb\u00fas se o\u00edan gritos y llantos.<\/p>\n<p>El Urban impact\u00f3 en un costado al micro, mand\u00e1ndolo contra el sem\u00e1foro y un poste de Tel\u00e9fonos de M\u00e9xico, dejando elevados da\u00f1os materiales.<\/p>\n<p>Al lugar llegaron elementos de la Guardia Estatal, Bomberos Tampico, Tr\u00e1nsito y Vialidad, as\u00ed como voluntarios.<\/p>\n<p>El microb\u00fas llevaba pasajeros, seis personas resultaron lesionadas y cuatro tuvieron que ser enviadas a un hospital de la zona sur, de los cuales dos son menores de edad de 13 y 8 a\u00f1os de edad.<\/p>\n<p>Los cuerpos de rescate se encargaron de retirar los retorcidos fierros, limpiando el \u00e1rea para que los param\u00e9dicos pudieran hacer su labor.<\/p>\n<p>El caso se turn\u00f3 a la Fiscal\u00eda General de Justicia del Estado de Tamaulipas, para que realicen el peritaje correspondiente en el lugar de los hechos.<\/p>\n<p>Ser\u00e1n ellos quienes deslinden responsabilidades en este percance vial en donde se contabilizaron elevados da\u00f1os materiales.<\/p>\n<p>Por. Javier Cort\u00e9s<\/p>\n","protected":false},"excerpt":{"rendered":"<p>TAMPICO, TAMAULIPAS.- Durante la ma\u00f1ana del s\u00e1bado se registr\u00f3 un fuerte choque entre dos autobuses del transporte p\u00fablico, dejando como saldo 6 lesionados, cuatro fueron trasladados a hospitales. Los hechos ocurrieron en el cruce de las calles \u00c1lvaro Obreg\u00f3n y C\u00e9sar L\u00f3pez de Lara en la zona centro del municipio de Tampico. Durante las primeras [&hellip;]<\/p>\n","protected":false},"author":4,"featured_media":17630,"comment_status":"closed","ping_status":"closed","sticky":false,"template":"","format":"standard","meta":{"footnotes":""},"categories":[4],"tags":[],"class_list":["post-17629","post","type-post","status-publish","format-standard","has-post-thumbnail","hentry","category-tampico"],"_links":{"self":[{"href":"https:\/\/conexiontotal.press\/index.php\/wp-json\/wp\/v2\/posts\/17629","targetHints":{"allow":["GET"]}}],"collection":[{"href":"https:\/\/conexiontotal.press\/index.php\/wp-json\/wp\/v2\/posts"}],"about":[{"href":"https:\/\/conexiontotal.press\/index.php\/wp-json\/wp\/v2\/types\/post"}],"author":[{"embeddable":true,"href":"https:\/\/conexiontotal.press\/index.php\/wp-json\/wp\/v2\/users\/4"}],"replies":[{"embeddable":true,"href":"https:\/\/conexiontotal.press\/index.php\/wp-json\/wp\/v2\/comments?post=17629"}],"version-history":[{"count":1,"href":"https:\/\/conexiontotal.press\/index.php\/wp-json\/wp\/v2\/posts\/17629\/revisions"}],"predecessor-version":[{"id":17631,"href":"https:\/\/conexiontotal.press\/index.php\/wp-json\/wp\/v2\/posts\/17629\/revisions\/17631"}],"wp:featuredmedia":[{"embeddable":true,"href":"https:\/\/conexiontotal.press\/index.php\/wp-json\/wp\/v2\/media\/17630"}],"wp:attachment":[{"href":"https:\/\/conexiontotal.press\/index.php\/wp-json\/wp\/v2\/media?parent=17629"}],"wp:term":[{"taxonomy":"category","embeddable":true,"href":"https:\/\/conexiontotal.press\/index.php\/wp-json\/wp\/v2\/categories?post=17629"},{"taxonomy":"post_tag","embeddable":true,"href":"https:\/\/conexiontotal.press\/index.php\/wp-json\/wp\/v2\/tags?post=17629"}],"curies":[{"name":"wp","href":"https:\/\/api.w.org\/{rel}","templated":true}]}}