{"id":17657,"date":"2024-09-04T10:53:29","date_gmt":"2024-09-04T16:53:29","guid":{"rendered":"https:\/\/conexiontotal.press\/?p=17657"},"modified":"2024-09-14T10:53:38","modified_gmt":"2024-09-14T16:53:38","slug":"hector-romero-lecanda-sustituira-a-denisse-de-la-cruz-como-titular-del-itca","status":"publish","type":"post","link":"https:\/\/conexiontotal.press\/index.php\/2024\/09\/04\/hector-romero-lecanda-sustituira-a-denisse-de-la-cruz-como-titular-del-itca\/","title":{"rendered":"H\u00e9ctor Romero Lecanda sustituir\u00e1 a Denisse de la Cruz como titular del ITCA"},"content":{"rendered":"<p>CIUDAD DE M\u00c9XICO.- H\u00e9ctor Romero Lecanda ser\u00e1 el Director del Instituto Tamaulipeco para la Cultura y las Artes (ITCA), en sustituci\u00f3n de Denisse de la Cruz L\u00f3pez, quien adem\u00e1s es investigada por la Fiscal\u00eda Anticorrupci\u00f3n por presunto nepotismo y malos manejos financieros.<\/p>\n<p>En su reciente gira de trabajo por la Ciudad de M\u00e9xico, el Gobernador Am\u00e9rico Villarreal Anaya visit\u00f3 el Palacio de Bellas Artes, donde invit\u00f3 de manera oficial al maestro H\u00e9ctor Romero Lecanda a hacerse cargo de la titularidad del Instituto Tamaulipeco para la Cultura y las Artes (ITCA).<\/p>\n<div id=\"div-gpt-ad-81562907-2\" data-google-query-id=\"CKXXo9bywogDFeOjpgQdMK01bg\">\n<div id=\"google_ads_iframe_\/21682791461\/ExPress2\/Express_300x250_1_0__container__\"><\/div>\n<\/div>\n<p>H\u00e9ctor Romero Lecanda, acept\u00f3 la invitaci\u00f3n y se incorporar\u00e1 a su nuevo cargo en cuanto termine su compromiso como Subdirector General del Instituto Nacional de Bellas Artes (INBA).<\/p>\n<p>Romero Lecanda es originario de Nuevo Laredo y cuenta con m\u00e1s de 30 a\u00f1os de experiencia en la gesti\u00f3n cultural, tanto en la sociedad civil como en el servicio p\u00fablico a nivel municipal, estatal y federal.<\/p>\n<div id=\"div-gpt-ad-81562907-3\" data-google-query-id=\"CKbXo9bywogDFeOjpgQdMK01bg\">\n<div id=\"google_ads_iframe_\/21682791461\/ExPress2\/Express_300x250_2_0__container__\"><\/div>\n<\/div>\n<p>La destituci\u00f3n de Denisse de la Cruz L\u00f3pez al frente del ITCA, se dio luego de una denuncia an\u00f3nima en Contralor\u00eda Gubernamental y la Fiscal\u00eda Anticorrupci\u00f3n, en la que se le se\u00f1alaba de haber utilizado su posici\u00f3n para incluir en la n\u00f3mina del Instituto a personas cercanas a ella.<\/p>\n<p>La dependencia a cargo de Norma Ang\u00e9lica Pedraza Melo, llev\u00f3 a cabo una auditor\u00eda del ITCA en cap\u00edtulos como el gasto p\u00fablico, adquisiciones, servicios y arrendamientos.<br \/>\nTras la destituci\u00f3n de Denisse de la Cruz L\u00f3pez, la Secretaria de Bienestar nombr\u00f3 a Araceli Sosa \u00c1lvarez como encargada del despacho.<\/p>\n<p>Por Perla Res\u00e9ndez<\/p>\n","protected":false},"excerpt":{"rendered":"<p>CIUDAD DE M\u00c9XICO.- H\u00e9ctor Romero Lecanda ser\u00e1 el Director del Instituto Tamaulipeco para la Cultura y las Artes (ITCA), en sustituci\u00f3n de Denisse de la Cruz L\u00f3pez, quien adem\u00e1s es investigada por la Fiscal\u00eda Anticorrupci\u00f3n por presunto nepotismo y malos manejos financieros. En su reciente gira de trabajo por la Ciudad de M\u00e9xico, el Gobernador [&hellip;]<\/p>\n","protected":false},"author":4,"featured_media":17658,"comment_status":"closed","ping_status":"closed","sticky":false,"template":"","format":"standard","meta":{"footnotes":""},"categories":[3],"tags":[],"class_list":["post-17657","post","type-post","status-publish","format-standard","has-post-thumbnail","hentry","category-victoria"],"_links":{"self":[{"href":"https:\/\/conexiontotal.press\/index.php\/wp-json\/wp\/v2\/posts\/17657","targetHints":{"allow":["GET"]}}],"collection":[{"href":"https:\/\/conexiontotal.press\/index.php\/wp-json\/wp\/v2\/posts"}],"about":[{"href":"https:\/\/conexiontotal.press\/index.php\/wp-json\/wp\/v2\/types\/post"}],"author":[{"embeddable":true,"href":"https:\/\/conexiontotal.press\/index.php\/wp-json\/wp\/v2\/users\/4"}],"replies":[{"embeddable":true,"href":"https:\/\/conexiontotal.press\/index.php\/wp-json\/wp\/v2\/comments?post=17657"}],"version-history":[{"count":1,"href":"https:\/\/conexiontotal.press\/index.php\/wp-json\/wp\/v2\/posts\/17657\/revisions"}],"predecessor-version":[{"id":17659,"href":"https:\/\/conexiontotal.press\/index.php\/wp-json\/wp\/v2\/posts\/17657\/revisions\/17659"}],"wp:featuredmedia":[{"embeddable":true,"href":"https:\/\/conexiontotal.press\/index.php\/wp-json\/wp\/v2\/media\/17658"}],"wp:attachment":[{"href":"https:\/\/conexiontotal.press\/index.php\/wp-json\/wp\/v2\/media?parent=17657"}],"wp:term":[{"taxonomy":"category","embeddable":true,"href":"https:\/\/conexiontotal.press\/index.php\/wp-json\/wp\/v2\/categories?post=17657"},{"taxonomy":"post_tag","embeddable":true,"href":"https:\/\/conexiontotal.press\/index.php\/wp-json\/wp\/v2\/tags?post=17657"}],"curies":[{"name":"wp","href":"https:\/\/api.w.org\/{rel}","templated":true}]}}