{"id":17667,"date":"2024-09-14T15:51:47","date_gmt":"2024-09-14T21:51:47","guid":{"rendered":"https:\/\/conexiontotal.press\/?p=17667"},"modified":"2024-09-14T15:51:47","modified_gmt":"2024-09-14T21:51:47","slug":"culiacan-vivio-balaceras-nuevos-enfrentamientos-y-hasta-hubo-hallazgo-de-cuerpos-desmembrados","status":"publish","type":"post","link":"https:\/\/conexiontotal.press\/index.php\/2024\/09\/14\/culiacan-vivio-balaceras-nuevos-enfrentamientos-y-hasta-hubo-hallazgo-de-cuerpos-desmembrados\/","title":{"rendered":"Culiacan vivi\u00f3 balaceras, nuevos enfrentamientos y hasta hubo hallazgo de cuerpos desmembrados"},"content":{"rendered":"<p>CIUDAD DE M\u00c9XICO.- Durante las primeras horas del s\u00e1bado, diversas zonas de Culiac\u00e1n fueron escenario de intensas balaceras, generando alarma entre la poblaci\u00f3n. Los enfrentamientos, que se registraron en varios puntos estrat\u00e9gicos de la capital, evidencian un nuevo episodio de violencia presuntamente ligado a la lucha entre grupos criminales.<\/p>\n<p>El sonido de los disparos comenz\u00f3 a escucharse alrededor de las 12:30 de la madrugada, apenas una hora despu\u00e9s de que las autoridades localizaran una cabeza humana en la ciudad, supuestamente relacionada con el hallazgo de un cuerpo decapitado el viernes en el parque 87, uno de los m\u00e1s conocidos de la zona.<\/p>\n<p>Los reportes de violencia llegaron desde diferentes colonias, entre ellas Tres R\u00edos, Ciudad Universitaria, Jard\u00edn Bot\u00e1nico, Las Quintas, Tierra Blanca, Chapultepec, La Lima y el fraccionamiento Infonavit. Vecinos en estas \u00e1reas describieron c\u00f3mo el ruido de las r\u00e1fagas de armas de fuego se mantuvo durante casi una hora.<\/p>\n<p>En respuesta a los hechos, un helic\u00f3ptero de las fuerzas armadas sobrevol\u00f3 la ciudad, acompa\u00f1ado por el despliegue de elementos de la Secretar\u00eda de la Defensa Nacional (Sedena) que patrullaron las calles con el objetivo de restaurar la calma y contener la situaci\u00f3n.<\/p>\n<p>Piden calma a habitantes de Culiac\u00e1n<\/p>\n<p>Seg\u00fan versiones preliminares, este incremento en la violencia se atribuye a la pugna entre facciones del crimen organizado que operan en la regi\u00f3n. Aunque los disparos cesaron pasada la 1:00 de la ma\u00f1ana, el clima de inseguridad persiste, y los habitantes de Culiac\u00e1n se mantienen a la expectativa ante la posibilidad de nuevos enfrentamientos.<\/p>\n<p>El gobierno estatal ha asegurado que cuenta con un n\u00famero adecuado de efectivos militares para enfrentar los incidentes recientes, e hizo un llamado a la poblaci\u00f3n a mantener la calma mientras las investigaciones contin\u00faan y se trabaja para devolver la seguridad a las calles de la capital sinaloense.<\/p>\n<p>Con informaci\u00f3n de HERALDO DE M\u00c9XICO<span class=\"Apple-converted-space\">\u00a0<\/span><\/p>\n","protected":false},"excerpt":{"rendered":"<p>CIUDAD DE M\u00c9XICO.- Durante las primeras horas del s\u00e1bado, diversas zonas de Culiac\u00e1n fueron escenario de intensas balaceras, generando alarma entre la poblaci\u00f3n. Los enfrentamientos, que se registraron en varios puntos estrat\u00e9gicos de la capital, evidencian un nuevo episodio de violencia presuntamente ligado a la lucha entre grupos criminales. El sonido de los disparos comenz\u00f3 [&hellip;]<\/p>\n","protected":false},"author":4,"featured_media":17668,"comment_status":"closed","ping_status":"closed","sticky":false,"template":"","format":"standard","meta":{"footnotes":""},"categories":[12],"tags":[],"class_list":["post-17667","post","type-post","status-publish","format-standard","has-post-thumbnail","hentry","category-mexico"],"_links":{"self":[{"href":"https:\/\/conexiontotal.press\/index.php\/wp-json\/wp\/v2\/posts\/17667","targetHints":{"allow":["GET"]}}],"collection":[{"href":"https:\/\/conexiontotal.press\/index.php\/wp-json\/wp\/v2\/posts"}],"about":[{"href":"https:\/\/conexiontotal.press\/index.php\/wp-json\/wp\/v2\/types\/post"}],"author":[{"embeddable":true,"href":"https:\/\/conexiontotal.press\/index.php\/wp-json\/wp\/v2\/users\/4"}],"replies":[{"embeddable":true,"href":"https:\/\/conexiontotal.press\/index.php\/wp-json\/wp\/v2\/comments?post=17667"}],"version-history":[{"count":1,"href":"https:\/\/conexiontotal.press\/index.php\/wp-json\/wp\/v2\/posts\/17667\/revisions"}],"predecessor-version":[{"id":17669,"href":"https:\/\/conexiontotal.press\/index.php\/wp-json\/wp\/v2\/posts\/17667\/revisions\/17669"}],"wp:featuredmedia":[{"embeddable":true,"href":"https:\/\/conexiontotal.press\/index.php\/wp-json\/wp\/v2\/media\/17668"}],"wp:attachment":[{"href":"https:\/\/conexiontotal.press\/index.php\/wp-json\/wp\/v2\/media?parent=17667"}],"wp:term":[{"taxonomy":"category","embeddable":true,"href":"https:\/\/conexiontotal.press\/index.php\/wp-json\/wp\/v2\/categories?post=17667"},{"taxonomy":"post_tag","embeddable":true,"href":"https:\/\/conexiontotal.press\/index.php\/wp-json\/wp\/v2\/tags?post=17667"}],"curies":[{"name":"wp","href":"https:\/\/api.w.org\/{rel}","templated":true}]}}