{"id":17670,"date":"2024-09-14T16:46:16","date_gmt":"2024-09-14T22:46:16","guid":{"rendered":"https:\/\/conexiontotal.press\/?p=17670"},"modified":"2024-09-14T16:46:16","modified_gmt":"2024-09-14T22:46:16","slug":"puras-mentiras-estamos-muy-bien-amlo-descarta-problemas-economicos-en-mexico-tras-reforma-judicial","status":"publish","type":"post","link":"https:\/\/conexiontotal.press\/index.php\/2024\/09\/14\/puras-mentiras-estamos-muy-bien-amlo-descarta-problemas-economicos-en-mexico-tras-reforma-judicial\/","title":{"rendered":"\u201cPuras mentiras, estamos muy bien\u201d: AMLO descarta problemas econ\u00f3micos en M\u00e9xico tras reforma judicial"},"content":{"rendered":"<p>CIUDAD DE M\u00c9XICO.- El presidente de M\u00e9xico, Andr\u00e9s Manuel L\u00f3pez Obrador, descart\u00f3 que a ra\u00edz de la reforma al Poder Judicial se desencadenen problemas econ\u00f3micos en el pa\u00eds.<\/p>\n<p>En la conferencia matutina de Palacio Nacional, L\u00f3pez Obrador extern\u00f3 que todo lo que dicen sobre crisis econ\u00f3mico en M\u00e9xico tras esta reforma\u00a0 son \u201cpuras mentiras\u201c.<\/p>\n<p>M\u00e9xico est\u00e1 muy bien su econom\u00eda, mucho mucho muy bien, Cuanto miedo de que si hay una reforma judicial va a haber problemas con el peso, se va a devaluar el peso, van a dejar de llegar las inversiones, va a haber fuga de capitales, \u00a1puras mentiras! Al contrario\u201d, dijo.<\/p>\n<p>El mandatario mexicano se\u00f1al\u00f3 que los inversionistas \u201clo que quieren es que haya un Gobierno con autoridad moral, pol\u00edtica, un Gobierno fuerte, respaldado por sus ciudadanos\u201d<\/p>\n<p>\u201c(Quieren) un Gobierno democr\u00e1tico y por eso le tienen confianza al pa\u00eds y sigue llegando la inversi\u00f3n y vamos a terminar, es muy probable, que terminemos el sexenio sin devaluaci\u00f3n y eso no se ve\u00eda en 50 a\u00f1os, porque siempre ese devaluaba el peso\u201d, declar\u00f3.<\/p>\n<p>\u201c\u00bfPor qu\u00e9 no vamos a celebrar que estamos logrando entre todos que eso ya no suceda en nuestro pa\u00eds, y si lo entiendo la mayor\u00eda de los mexicanos por qu\u00e9 no entenderlo todos, o la gente que incluso les ha ido hasta mejor. \u00bfPor qu\u00e9 dejarse dominar por el odio ideol\u00f3gico, por el fanatismo, el conservadurismo?\u201d, sostuvo.<\/p>\n<p>\u201c\u00bfPor qu\u00e9 obnubilarse, por qu\u00e9 no ver las cosas como son? \u00bfPor qu\u00e9 no celebrar que como nunca estamos llevando a la pr\u00e1ctica ese principio universal, humanista, cristiano, que tiene que ver con todas las religiones y con los no creyentes del amor al pr\u00f3jimo? \u00bfPor qu\u00e9 esa amargura, esa frustraci\u00f3n?\u201d, dijo.<\/p>\n<p>El Senado de la Rep\u00fablica aval\u00f3 esta semana la reforma al Poder Judicial, cuya principal premisa es la elecci\u00f3n por voto popular de jueces, magistrados y ministros de la Suprema Corte de Justicia de la Naci\u00f3n (SCJN).<\/p>\n<p>La Asociaci\u00f3n Nacional de Magistrados de Circuito y Jueces de Distrito del Poder Judicial (Jufed), que est\u00e1 en paro de labores desde el 21 de agosto, anunci\u00f3 que acudir\u00e1n a instancias internacionales, como la Corte Interamericana de Derechos Humanos (CIDH), para frenar la iniciativa aprobada esta semana.<\/p>\n<p>La reforma tambi\u00e9n ha despertado alertas de organismos como la ONU, Human Rights Watch, la Asociaci\u00f3n Internacional de Abogados y socios comerciales de M\u00e9xico, como Estados Unidos, por la posible intromisi\u00f3n del Ejecutivo y de grupos de inter\u00e9s, como el crimen organizado, en las pr\u00f3ximas campa\u00f1as electorales de los jueces.<\/p>\n<p><iframe loading=\"lazy\" title=\"YouTube video player\" src=\"https:\/\/www.youtube.com\/embed\/Gh13zcFsyqA?si=kcRwcInTYlEMpLMg\" width=\"560\" height=\"315\" frameborder=\"0\" allowfullscreen=\"allowfullscreen\"><\/iframe><\/p>\n<p>Con informaci\u00f3n de L\u00f3pez-D\u00f3riga Digital<\/p>\n","protected":false},"excerpt":{"rendered":"<p>CIUDAD DE M\u00c9XICO.- El presidente de M\u00e9xico, Andr\u00e9s Manuel L\u00f3pez Obrador, descart\u00f3 que a ra\u00edz de la reforma al Poder Judicial se desencadenen problemas econ\u00f3micos en el pa\u00eds. En la conferencia matutina de Palacio Nacional, L\u00f3pez Obrador extern\u00f3 que todo lo que dicen sobre crisis econ\u00f3mico en M\u00e9xico tras esta reforma\u00a0 son \u201cpuras mentiras\u201c. M\u00e9xico [&hellip;]<\/p>\n","protected":false},"author":4,"featured_media":15296,"comment_status":"closed","ping_status":"closed","sticky":false,"template":"","format":"standard","meta":{"footnotes":""},"categories":[12],"tags":[],"class_list":["post-17670","post","type-post","status-publish","format-standard","has-post-thumbnail","hentry","category-mexico"],"_links":{"self":[{"href":"https:\/\/conexiontotal.press\/index.php\/wp-json\/wp\/v2\/posts\/17670","targetHints":{"allow":["GET"]}}],"collection":[{"href":"https:\/\/conexiontotal.press\/index.php\/wp-json\/wp\/v2\/posts"}],"about":[{"href":"https:\/\/conexiontotal.press\/index.php\/wp-json\/wp\/v2\/types\/post"}],"author":[{"embeddable":true,"href":"https:\/\/conexiontotal.press\/index.php\/wp-json\/wp\/v2\/users\/4"}],"replies":[{"embeddable":true,"href":"https:\/\/conexiontotal.press\/index.php\/wp-json\/wp\/v2\/comments?post=17670"}],"version-history":[{"count":1,"href":"https:\/\/conexiontotal.press\/index.php\/wp-json\/wp\/v2\/posts\/17670\/revisions"}],"predecessor-version":[{"id":17671,"href":"https:\/\/conexiontotal.press\/index.php\/wp-json\/wp\/v2\/posts\/17670\/revisions\/17671"}],"wp:featuredmedia":[{"embeddable":true,"href":"https:\/\/conexiontotal.press\/index.php\/wp-json\/wp\/v2\/media\/15296"}],"wp:attachment":[{"href":"https:\/\/conexiontotal.press\/index.php\/wp-json\/wp\/v2\/media?parent=17670"}],"wp:term":[{"taxonomy":"category","embeddable":true,"href":"https:\/\/conexiontotal.press\/index.php\/wp-json\/wp\/v2\/categories?post=17670"},{"taxonomy":"post_tag","embeddable":true,"href":"https:\/\/conexiontotal.press\/index.php\/wp-json\/wp\/v2\/tags?post=17670"}],"curies":[{"name":"wp","href":"https:\/\/api.w.org\/{rel}","templated":true}]}}