{"id":17672,"date":"2024-09-14T16:49:12","date_gmt":"2024-09-14T22:49:12","guid":{"rendered":"https:\/\/conexiontotal.press\/?p=17672"},"modified":"2024-09-14T16:49:12","modified_gmt":"2024-09-14T22:49:12","slug":"preven-tres-dias-de-lluvias-en-el-norte-y-centro-de-tamaulipas","status":"publish","type":"post","link":"https:\/\/conexiontotal.press\/index.php\/2024\/09\/14\/preven-tres-dias-de-lluvias-en-el-norte-y-centro-de-tamaulipas\/","title":{"rendered":"Prev\u00e9n tres d\u00edas de lluvias en el norte y centro de Tamaulipas"},"content":{"rendered":"<p>TAMAULIPAS, M\u00c9XICO.- Desde hoy s\u00e1bado y hasta el lunes, se prev\u00e9 un incremento a las precipitaciones en Tamaulipas, principalmente en regiones norte y centro.<\/p>\n<p>As\u00ed lo destaca Meteorolog\u00eda Tamaulipas, destacando c\u00f3mo es que ser\u00eda un repinte temporal con lluvias moderadas a fuertes.<\/p>\n<p>Pero ser\u00e1 ma\u00f1ana domingo que en estas regiones citadas se est\u00e9 registrando el mal tiempo.<\/p>\n<p>\u201cPERSPECTIVA: incrementar\u00eda temporalmente la actividad de lluvias moderadas a fuertes, viento &gt;50 km\/h y descargas el\u00e9ctricas en ciertos municipios tamaulipecos de s\u00e1bado a lunes\u201d<\/p>\n<p><em>\u201cLa actividad se concretar\u00eda a lo largo de la Sierra Madre Oriental; zona Centro-Ca\u00f1era y parte de la zona Norte sobre de todo de domingo a lunes\u201d.<\/em><\/p>\n<p>As\u00ed tambi\u00e9n pidi\u00f3 estar pendientes de las actualizaciones que emitir\u00e1 conforme pasen los d\u00edas.<\/p>\n<p>Por otra parte, la actividad cicl\u00f3nica en el oc\u00e9ano Atl\u00e1ntico pas\u00f3 de estar muy activa a tranquila, pues en la cuenca del Golfo de M\u00e9xico despu\u00e9s de pasar el hurac\u00e1n Francine, estar\u00e1 calmado por lo menos 7 d\u00edas.<\/p>\n<p><em>\u201cEn el lejano Atl\u00e1ntico se form\u00f3 la tormenta tropical Gordon, puede intensificarse a hurac\u00e1n los siguientes d\u00edas mientras se mueve por mar abierto\u201d.<\/em><\/p>\n<p>Despu\u00e9s de Francine; el Golfo de M\u00e9xico nuevamente inactivo. No se prev\u00e9 desarrollo de alg\u00fan cicl\u00f3n tropical por lo menos dentro de los pr\u00f3ximos 5 a 7 d\u00edas\u201d.<\/p>\n<p>Por. Antonio H. Mandujano<\/p>\n","protected":false},"excerpt":{"rendered":"<p>TAMAULIPAS, M\u00c9XICO.- Desde hoy s\u00e1bado y hasta el lunes, se prev\u00e9 un incremento a las precipitaciones en Tamaulipas, principalmente en regiones norte y centro. As\u00ed lo destaca Meteorolog\u00eda Tamaulipas, destacando c\u00f3mo es que ser\u00eda un repinte temporal con lluvias moderadas a fuertes. Pero ser\u00e1 ma\u00f1ana domingo que en estas regiones citadas se est\u00e9 registrando el [&hellip;]<\/p>\n","protected":false},"author":4,"featured_media":17673,"comment_status":"closed","ping_status":"closed","sticky":false,"template":"","format":"standard","meta":{"footnotes":""},"categories":[3],"tags":[],"class_list":["post-17672","post","type-post","status-publish","format-standard","has-post-thumbnail","hentry","category-victoria"],"_links":{"self":[{"href":"https:\/\/conexiontotal.press\/index.php\/wp-json\/wp\/v2\/posts\/17672","targetHints":{"allow":["GET"]}}],"collection":[{"href":"https:\/\/conexiontotal.press\/index.php\/wp-json\/wp\/v2\/posts"}],"about":[{"href":"https:\/\/conexiontotal.press\/index.php\/wp-json\/wp\/v2\/types\/post"}],"author":[{"embeddable":true,"href":"https:\/\/conexiontotal.press\/index.php\/wp-json\/wp\/v2\/users\/4"}],"replies":[{"embeddable":true,"href":"https:\/\/conexiontotal.press\/index.php\/wp-json\/wp\/v2\/comments?post=17672"}],"version-history":[{"count":1,"href":"https:\/\/conexiontotal.press\/index.php\/wp-json\/wp\/v2\/posts\/17672\/revisions"}],"predecessor-version":[{"id":17674,"href":"https:\/\/conexiontotal.press\/index.php\/wp-json\/wp\/v2\/posts\/17672\/revisions\/17674"}],"wp:featuredmedia":[{"embeddable":true,"href":"https:\/\/conexiontotal.press\/index.php\/wp-json\/wp\/v2\/media\/17673"}],"wp:attachment":[{"href":"https:\/\/conexiontotal.press\/index.php\/wp-json\/wp\/v2\/media?parent=17672"}],"wp:term":[{"taxonomy":"category","embeddable":true,"href":"https:\/\/conexiontotal.press\/index.php\/wp-json\/wp\/v2\/categories?post=17672"},{"taxonomy":"post_tag","embeddable":true,"href":"https:\/\/conexiontotal.press\/index.php\/wp-json\/wp\/v2\/tags?post=17672"}],"curies":[{"name":"wp","href":"https:\/\/api.w.org\/{rel}","templated":true}]}}