{"id":17717,"date":"2024-09-26T15:43:19","date_gmt":"2024-09-26T21:43:19","guid":{"rendered":"https:\/\/conexiontotal.press\/?p=17717"},"modified":"2024-09-26T15:43:19","modified_gmt":"2024-09-26T21:43:19","slug":"tamaulipas-enfrentara-frentes-frios-intensos-en-la-temporada-invernal-conagua","status":"publish","type":"post","link":"https:\/\/conexiontotal.press\/index.php\/2024\/09\/26\/tamaulipas-enfrentara-frentes-frios-intensos-en-la-temporada-invernal-conagua\/","title":{"rendered":"Tamaulipas enfrentar\u00e1 frentes fr\u00edos intensos en la temporada invernal: CONAGUA"},"content":{"rendered":"<p>VICTORIA, Tamps.- En la actual temporada de frentes fr\u00edos 2024-2025, pronostic\u00f3 la Comisi\u00f3n Nacional del Agua (CONAGUA) un total de 48 sistemas frontales con 7 tormentas invernales, estas \u00faltimas que azotarian a gran parte de la Rep\u00fablica, principalmente el norte, con temperaturas m\u00ednimas de 0 grados y menos.<\/p>\n<p>Tamaulipas ser\u00eda uno de los Estados afectados por lo menos con dos de estas tormentas, tal y como se registra cada temporada.<\/p>\n<p>De acuerdo a los registros hist\u00f3ricos, cada diciembre, enero y febrero, las tormentas invernales con temperaturas bajas extremas se registran por lo menos una cada mes en la Entidad, siendo los municipios de la frontera los m\u00e1s afectados con valores de 0 grados y menos.<\/p>\n<p>En la temporada 2023-2024, hubo una mayor incidencia de tormentas invernales, siendo 11 en total entre los meses de noviembre a febrero, siendo cuatro m\u00e1s que la actual.<\/p>\n<div id=\"div-gpt-ad-81562907-3\" data-google-query-id=\"CMyC6unJ4YgDFamkpgQdngoB-Q\">\n<div id=\"google_ads_iframe_\/21682791461\/ExPress2\/Express_300x250_2_0__container__\"><span style=\"font-size: 16px;\">Sin embargo, para lo anterior faltan algunos meses, de acuerdo a las incidencias anuales.<\/span><\/div>\n<\/div>\n<p>Pero a partir del mes de octubre, en Tamaulipas empiezan a sentirse verdaderamente los frentes fr\u00edos, principalmente despu\u00e9s de la segunda mitad de dicho mes.<\/p>\n<p>Meteorolog\u00eda Tamaulipas, expuso en dicho tema que en a\u00f1os anteriores las primeras temperaturas de minimo 15 grados se registran entre la segunda a la tercera semana de octubre.<\/p>\n<p>\u201cNuevamente un recordatorio: bas\u00e1ndonos en datos de Cd. Victoria el primer descenso con temperaturas de por lo menos 15\u00baC en los \u00faltimos a\u00f1os ha sucedido entre el 12-17 de octubre\u201d.<\/p>\n<p>\u201cParece que el team fr\u00edo tendr\u00e1 que esperar un poco m\u00e1s\u201d.<\/p>\n<p>Antonio H. Mandujano<span class=\"Apple-converted-space\">\u00a0<\/span><\/p>\n","protected":false},"excerpt":{"rendered":"<p>VICTORIA, Tamps.- En la actual temporada de frentes fr\u00edos 2024-2025, pronostic\u00f3 la Comisi\u00f3n Nacional del Agua (CONAGUA) un total de 48 sistemas frontales con 7 tormentas invernales, estas \u00faltimas que azotarian a gran parte de la Rep\u00fablica, principalmente el norte, con temperaturas m\u00ednimas de 0 grados y menos. Tamaulipas ser\u00eda uno de los Estados afectados [&hellip;]<\/p>\n","protected":false},"author":4,"featured_media":17718,"comment_status":"closed","ping_status":"closed","sticky":false,"template":"","format":"standard","meta":{"footnotes":""},"categories":[3],"tags":[],"class_list":["post-17717","post","type-post","status-publish","format-standard","has-post-thumbnail","hentry","category-victoria"],"_links":{"self":[{"href":"https:\/\/conexiontotal.press\/index.php\/wp-json\/wp\/v2\/posts\/17717","targetHints":{"allow":["GET"]}}],"collection":[{"href":"https:\/\/conexiontotal.press\/index.php\/wp-json\/wp\/v2\/posts"}],"about":[{"href":"https:\/\/conexiontotal.press\/index.php\/wp-json\/wp\/v2\/types\/post"}],"author":[{"embeddable":true,"href":"https:\/\/conexiontotal.press\/index.php\/wp-json\/wp\/v2\/users\/4"}],"replies":[{"embeddable":true,"href":"https:\/\/conexiontotal.press\/index.php\/wp-json\/wp\/v2\/comments?post=17717"}],"version-history":[{"count":1,"href":"https:\/\/conexiontotal.press\/index.php\/wp-json\/wp\/v2\/posts\/17717\/revisions"}],"predecessor-version":[{"id":17719,"href":"https:\/\/conexiontotal.press\/index.php\/wp-json\/wp\/v2\/posts\/17717\/revisions\/17719"}],"wp:featuredmedia":[{"embeddable":true,"href":"https:\/\/conexiontotal.press\/index.php\/wp-json\/wp\/v2\/media\/17718"}],"wp:attachment":[{"href":"https:\/\/conexiontotal.press\/index.php\/wp-json\/wp\/v2\/media?parent=17717"}],"wp:term":[{"taxonomy":"category","embeddable":true,"href":"https:\/\/conexiontotal.press\/index.php\/wp-json\/wp\/v2\/categories?post=17717"},{"taxonomy":"post_tag","embeddable":true,"href":"https:\/\/conexiontotal.press\/index.php\/wp-json\/wp\/v2\/tags?post=17717"}],"curies":[{"name":"wp","href":"https:\/\/api.w.org\/{rel}","templated":true}]}}