{"id":1773,"date":"2018-11-02T13:07:21","date_gmt":"2018-11-02T19:07:21","guid":{"rendered":"https:\/\/conexiontotal.press\/?p=1773"},"modified":"2018-11-02T13:07:30","modified_gmt":"2018-11-02T19:07:30","slug":"amlo-visita-a-padres-y-hermano-al-panteon","status":"publish","type":"post","link":"https:\/\/conexiontotal.press\/index.php\/2018\/11\/02\/amlo-visita-a-padres-y-hermano-al-panteon\/","title":{"rendered":"AMLO visita a sus padres y hermano al pante\u00f3n"},"content":{"rendered":"<p>CIUDAD DE M\u00c9XICO .- El presidente electo Andr\u00e9s Manuel L\u00f3pez Obrador visit\u00f3 este viernes, cuando se celebra el D\u00eda de Muertos, un cementerio en la ciudad de Villahermosa en el que se encuentran enterrados sus padres y su hermano.<\/p>\n<p>El pr\u00f3ximo mandatario comparti\u00f3 un video en sus redes donde se\u00f1ala que en otro pante\u00f3n de la ciudad se encuentra su primera esposa Roc\u00edo, a quien tambi\u00e9n tiene contemplado visitar con motivo de esta celebraci\u00f3n.<\/p>\n<p>https:\/\/www.facebook.com\/lopezobrador.org.mx\/videos\/493337681169866\/<\/p>\n<p>\u201cMe doy tiempo para esto porque no hay que olvidar a nuestros finados. Me da hasta sentimiento\u201d, se sincer\u00f3 el tabasque\u00f1o, para luego recalcar:<\/p>\n<p>\u201cMiren tambi\u00e9n cu\u00e1nta gente est\u00e1 aqu\u00ed viendo a sus difuntos, porque es una tradici\u00f3n: esto es muy nuestro, de nosotros los mexicanos que no olvidamos de d\u00f3nde venimos y no olvidamos a nuestros padres, a nuestras madres, a nuestros seres queridos\u201d.<\/p>\n<p>ANDR\u00c9S MANUEL L\u00d3PEZ OBRADOR<\/p>\n<p>\u201cDec\u00eda el maestro (Carlos) Pellicer que antes de que se hablara &#8216;castilla&#8217; ya hab\u00eda un mes dedicado a los difuntos, a los muertos, y a las flores. \u00c9ste es noviembre y yo les dir\u00eda tambi\u00e9n: dichoso mes, que comienza con Todos Santos y termina con San Andr\u00e9s\u201d, brome\u00f3.<\/p>\n<p>L\u00f3pez Obrador se tom\u00f3 unos d\u00edas de vacaciones y volver\u00e1 a sus actividades p\u00fablicas el pr\u00f3ximo lunes, a unas cuantas semanas de tomar posesi\u00f3n como presidente de la Rep\u00fablica; se espera que en estos d\u00edas afine detalles del proceso de transici\u00f3n, especialmente aquellas referentes a tareas de Seguridad P\u00fablica y la propuesta de Presupuesto 2019.<\/p>\n<p>&nbsp;<\/p>\n<p>Con informaci\u00f3n de SDP Noticias.<\/p>\n","protected":false},"excerpt":{"rendered":"<p>CIUDAD DE M\u00c9XICO .- El presidente electo Andr\u00e9s Manuel L\u00f3pez Obrador visit\u00f3 este viernes, cuando se celebra el D\u00eda de Muertos, un cementerio en la ciudad de Villahermosa en el que se encuentran enterrados sus padres y su hermano. El pr\u00f3ximo mandatario comparti\u00f3 un video en sus redes donde se\u00f1ala que en otro pante\u00f3n de [&hellip;]<\/p>\n","protected":false},"author":4,"featured_media":1450,"comment_status":"closed","ping_status":"closed","sticky":false,"template":"","format":"standard","meta":{"footnotes":""},"categories":[12],"tags":[],"class_list":["post-1773","post","type-post","status-publish","format-standard","has-post-thumbnail","hentry","category-mexico"],"_links":{"self":[{"href":"https:\/\/conexiontotal.press\/index.php\/wp-json\/wp\/v2\/posts\/1773","targetHints":{"allow":["GET"]}}],"collection":[{"href":"https:\/\/conexiontotal.press\/index.php\/wp-json\/wp\/v2\/posts"}],"about":[{"href":"https:\/\/conexiontotal.press\/index.php\/wp-json\/wp\/v2\/types\/post"}],"author":[{"embeddable":true,"href":"https:\/\/conexiontotal.press\/index.php\/wp-json\/wp\/v2\/users\/4"}],"replies":[{"embeddable":true,"href":"https:\/\/conexiontotal.press\/index.php\/wp-json\/wp\/v2\/comments?post=1773"}],"version-history":[{"count":0,"href":"https:\/\/conexiontotal.press\/index.php\/wp-json\/wp\/v2\/posts\/1773\/revisions"}],"wp:featuredmedia":[{"embeddable":true,"href":"https:\/\/conexiontotal.press\/index.php\/wp-json\/wp\/v2\/media\/1450"}],"wp:attachment":[{"href":"https:\/\/conexiontotal.press\/index.php\/wp-json\/wp\/v2\/media?parent=1773"}],"wp:term":[{"taxonomy":"category","embeddable":true,"href":"https:\/\/conexiontotal.press\/index.php\/wp-json\/wp\/v2\/categories?post=1773"},{"taxonomy":"post_tag","embeddable":true,"href":"https:\/\/conexiontotal.press\/index.php\/wp-json\/wp\/v2\/tags?post=1773"}],"curies":[{"name":"wp","href":"https:\/\/api.w.org\/{rel}","templated":true}]}}