{"id":17776,"date":"2024-09-17T19:46:06","date_gmt":"2024-09-18T01:46:06","guid":{"rendered":"https:\/\/conexiontotal.press\/?p=17776"},"modified":"2024-10-01T19:46:14","modified_gmt":"2024-10-02T01:46:14","slug":"el-rector-damaso-anaya-preside-la-graduacion-de-161-egresados-de-la-uat","status":"publish","type":"post","link":"https:\/\/conexiontotal.press\/index.php\/2024\/09\/17\/el-rector-damaso-anaya-preside-la-graduacion-de-161-egresados-de-la-uat\/","title":{"rendered":"El rector D\u00e1maso Anaya preside la graduaci\u00f3n de 161 egresados de la UAT\u00a0"},"content":{"rendered":"<p>El nuevo proyecto de la Universidad Aut\u00f3noma de Tamaulipas (UAT) est\u00e1 enfocado en formar profesionales desde una visi\u00f3n humanista, que sean conscientes de la responsabilidad con su sociedad y que trabajen para contribuir a su desarrollo, asegur\u00f3 el rector, MVZ D\u00e1maso Anaya Alvarado, al presidir la ceremonia de graduaci\u00f3n de la Facultad de Derecho y Ciencias Sociales Victoria (FDCSV).<\/p>\n<p>Luego de agradecer a los padres de familia la confianza depositada en la UAT para la formaci\u00f3n de sus hijos, el rector dijo que el logro alcanzado por los graduados es el resultado de su sacrifico y su apoyo incondicional.<\/p>\n<p>Asimismo, expres\u00f3 su felicitaci\u00f3n a los graduados, y dijo que, en esta generaci\u00f3n, la Universidad entrega a la sociedad tamaulipeca 161 egresados de las carreras de Derecho, Ciencias de la Comunicaci\u00f3n, Negocios Internacionales y Turismo; as\u00ed como profesionales formados en la Maestr\u00eda en Derecho y Procesos Orales.<\/p>\n<p>De igual manera, subray\u00f3 su confianza en que compartir\u00e1n la meta de contribuir al bienestar de la sociedad desde sus respectivas profesiones, ya que \u2014a\u00f1adi\u00f3\u2014, en la UAT adquirieron ese compromiso con una perspectiva profundamente humanista.<\/p>\n<p>Resalt\u00f3 que, adem\u00e1s de conocimientos y destrezas profesionales, llevan una profunda responsabilidad con la sociedad, por lo que los exhort\u00f3 a no perder de vista la misi\u00f3n de contribuir y mejorar la vida de quienes los rodean.<\/p>\n<p>A nombre de los egresados, Kevin Mata Lim\u00f3n agradeci\u00f3 a la UAT por la consecuci\u00f3n de esta meta, la cual, dijo, es m\u00e1s significativa debido a las condiciones de estudio que se les presentaron por la pandemia de 2020, que los hizo esforzarse y les ense\u00f1\u00f3 a luchar m\u00e1s contra las adversidades.<\/p>\n<p>Por su parte, el Dr. Edy Izaguirre Trevi\u00f1o, director de la FDCSV, agradeci\u00f3 al rector D\u00e1maso Anaya por la contribuci\u00f3n que ha hecho para el logro de los ahora graduados, as\u00ed como por su apoyo para impulsar, en esta instituci\u00f3n, grandes proyectos y obras de infraestructura que servir\u00e1n para la mejor formaci\u00f3n de los universitarios.<\/p>\n<p>En el acto se entregaron reconocimientos a los estudiantes con mayor aprovechamiento acad\u00e9mico, siendo Kevin Mata Lim\u00f3n quien recibi\u00f3 la Medalla a la Excelencia Acad\u00e9mica \u201cLic. Francisco Hern\u00e1ndez Garc\u00eda\u201d.<\/p>\n<p>Al evento celebrado en el Teatro Amalia Gonz\u00e1lez de Castillo Led\u00f3n acudi\u00f3, con la representaci\u00f3n del Gobierno del Estado, el subsecretario de Educaci\u00f3n Superior de la Secretar\u00eda de Educaci\u00f3n en Tamaulipas, Dr. Guadalupe Acosta Villarreal.<\/p>\n<p>Estuvieron presentes tambi\u00e9n los padrinos de las licenciaturas: Dr. Roberto Z\u00fa\u00f1iga Arias, Lic. Juan Carlos L\u00f3pez Cruz, Mtra. Edith Maldonado D\u00edaz y Mtro. \u00d3scar Romero de la Cruz; as\u00ed como el de la maestr\u00eda, Dr. Juan Plutarco Arcos Mart\u00ednez.<\/p>\n<p>&nbsp;<\/p>\n<p>&nbsp;<\/p>\n","protected":false},"excerpt":{"rendered":"<p>El nuevo proyecto de la Universidad Aut\u00f3noma de Tamaulipas (UAT) est\u00e1 enfocado en formar profesionales desde una visi\u00f3n humanista, que sean conscientes de la responsabilidad con su sociedad y que trabajen para contribuir a su desarrollo, asegur\u00f3 el rector, MVZ D\u00e1maso Anaya Alvarado, al presidir la ceremonia de graduaci\u00f3n de la Facultad de Derecho y [&hellip;]<\/p>\n","protected":false},"author":4,"featured_media":17777,"comment_status":"closed","ping_status":"closed","sticky":false,"template":"","format":"standard","meta":{"footnotes":""},"categories":[3],"tags":[],"class_list":["post-17776","post","type-post","status-publish","format-standard","has-post-thumbnail","hentry","category-victoria"],"_links":{"self":[{"href":"https:\/\/conexiontotal.press\/index.php\/wp-json\/wp\/v2\/posts\/17776","targetHints":{"allow":["GET"]}}],"collection":[{"href":"https:\/\/conexiontotal.press\/index.php\/wp-json\/wp\/v2\/posts"}],"about":[{"href":"https:\/\/conexiontotal.press\/index.php\/wp-json\/wp\/v2\/types\/post"}],"author":[{"embeddable":true,"href":"https:\/\/conexiontotal.press\/index.php\/wp-json\/wp\/v2\/users\/4"}],"replies":[{"embeddable":true,"href":"https:\/\/conexiontotal.press\/index.php\/wp-json\/wp\/v2\/comments?post=17776"}],"version-history":[{"count":1,"href":"https:\/\/conexiontotal.press\/index.php\/wp-json\/wp\/v2\/posts\/17776\/revisions"}],"predecessor-version":[{"id":17778,"href":"https:\/\/conexiontotal.press\/index.php\/wp-json\/wp\/v2\/posts\/17776\/revisions\/17778"}],"wp:featuredmedia":[{"embeddable":true,"href":"https:\/\/conexiontotal.press\/index.php\/wp-json\/wp\/v2\/media\/17777"}],"wp:attachment":[{"href":"https:\/\/conexiontotal.press\/index.php\/wp-json\/wp\/v2\/media?parent=17776"}],"wp:term":[{"taxonomy":"category","embeddable":true,"href":"https:\/\/conexiontotal.press\/index.php\/wp-json\/wp\/v2\/categories?post=17776"},{"taxonomy":"post_tag","embeddable":true,"href":"https:\/\/conexiontotal.press\/index.php\/wp-json\/wp\/v2\/tags?post=17776"}],"curies":[{"name":"wp","href":"https:\/\/api.w.org\/{rel}","templated":true}]}}