{"id":17853,"date":"2024-10-08T08:26:12","date_gmt":"2024-10-08T14:26:12","guid":{"rendered":"https:\/\/conexiontotal.press\/?p=17853"},"modified":"2024-10-10T08:26:21","modified_gmt":"2024-10-10T14:26:21","slug":"las-industrias-aprendieron-a-ahorrar-agua","status":"publish","type":"post","link":"https:\/\/conexiontotal.press\/index.php\/2024\/10\/08\/las-industrias-aprendieron-a-ahorrar-agua\/","title":{"rendered":"Las industrias aprendieron a ahorrar agua"},"content":{"rendered":"<p>ALTAMIRA, TAMAULIPAS.- Por la escasez que predomin\u00f3 en la zona conurbada hace unos meses, industrias de Altamira optaron por aplicar medidas de ahorro en el consumo de agua.<\/p>\n<p>El sector industrial consume un 47 por ciento menos de agua en comparaci\u00f3n al a\u00f1o pasado, afirm\u00f3 el presidente de la Mesa Ciudadana del Agua, Luis Apperti Llovet.<\/p>\n<p>Revel\u00f3 que la empresa coreana Posco, trae niveles del 85 por ciento de disminuci\u00f3n en el consumo de agua.<\/p>\n<p>Detall\u00f3 que los procesos de las empresas tambi\u00e9n han cambiado y eso ha influido para que el consumo del agua sea menor.<\/p>\n<p>\u201cPosco ya trae niveles de 85 por ciento de disminuci\u00f3n de consumo, pero el promedio, toda la industria est\u00e1 consumiendo 47 por ciento menos que hace un a\u00f1o y esto es por los ahorros internos y a los procesos que han ido cambiando\u201d.<\/p>\n<p>A decir del expresidente de la Asociaci\u00f3n de Industriales del Sur de Tamaulipas (Aistac), el precio del agua a las industrias siempre es muy superior al de la ciudadan\u00eda, sin embargo que el tema no es lo que cuesta, sino qu\u00e9 se hace con el agua.<\/p>\n<p>Afirm\u00f3 que el cambio clim\u00e1tico es algo que no se puede negar, que la amenaza ah\u00ed est\u00e1 y lo que se debe hacer es cuidar el recurso que se tiene.<\/p>\n<p>Despu\u00e9s de la crisis h\u00eddrica que padeci\u00f3 Tampico, Madero y Altamira, agreg\u00f3 que se debe concretar el reuso del agua y el tratamiento de las aguas negras para que se aprovechen de manera integral,<\/p>\n<p>Aunado al aprovechamiento de las aguas residuales, Luis Apperti Llovet refiri\u00f3 que se debe trabajar en el mejor proyecto que aumente la reserva del agua.<\/p>\n<p>\u201cDespu\u00e9s ver si crecemos el reservorio trabajando de la mano con la Secretar\u00eda de Recursos Hidr\u00e1ulicos para ver cu\u00e1l es el mejor proyecto que nos permita mejorar el sistema lagunario\u201d.<\/p>\n<p>Adelant\u00f3 que en las pr\u00f3ximas semanas se llevar\u00e1 a cabo un foro del agua que permita crear un plan para garantizar el suministro, no tan solo a la iniciativa privada, sino tambi\u00e9n a la poblaci\u00f3n.<\/p>\n<p>La semana pasada, se inici\u00f3 la construcci\u00f3n de una planta tratadora de aguas residuales en el sector de la Pedrera por parte de una empresa, cuya inversi\u00f3n ser\u00e1 de 450 millones de pesos.<\/p>\n<p>Uno de los prop\u00f3sitos de la planta, es que el agua tratada sea vendida a las industrias para sus procesos y dejen de usar la del sistema lagunario.<\/p>\n<p>La crisis de agua gener\u00f3 a las industrias de Altamira p\u00e9rdidas econ\u00f3micas de 34 millones de d\u00f3lares al d\u00eda.<\/p>\n<p>De las 34 empresas que integran la Aistac, 22 plantas pararon actividades por la falta de agua durante un mes aproximadamente.<\/p>\n<p>Algunas compa\u00f1\u00edas se abastec\u00edan de agua por medio de pipas, pero hay otras que depend\u00edan del sistema lagunario Champay\u00e1n para poder operar.<\/p>\n<p>La cadena productiva no solamente result\u00f3 afectada en M\u00e9xico, sino en todo el mundo, ya que la producci\u00f3n de Altamira se exporta a varios pa\u00edses.<\/p>\n<p>Durante la crisis de agua, la compa\u00f1\u00eda Chemours localizada en la colonia de Miramar, contempl\u00f3 importar una desalinizadora port\u00e1til, sin embargo al registrarse las lluvias, consider\u00f3 que no era necesaria.<\/p>\n<p>\u201cLa planta desalinizadora lleg\u00f3, se qued\u00f3 en la frontera por la dificultad de los permisos de importaci\u00f3n y de operaci\u00f3n por parte de Semarnat, pero pens\u00e1bamos que no llover\u00eda tan r\u00e1pido y una vez que hubo suficiente agua, no se justificaba tanto la inversi\u00f3n\u201d, declar\u00f3 Luis Apperti Llovet.<\/p>\n<p>Por. \u00d3scar Figueroa<\/p>\n<p>Expreso La Raz\u00f3n<\/p>\n","protected":false},"excerpt":{"rendered":"<p>ALTAMIRA, TAMAULIPAS.- Por la escasez que predomin\u00f3 en la zona conurbada hace unos meses, industrias de Altamira optaron por aplicar medidas de ahorro en el consumo de agua. El sector industrial consume un 47 por ciento menos de agua en comparaci\u00f3n al a\u00f1o pasado, afirm\u00f3 el presidente de la Mesa Ciudadana del Agua, Luis Apperti [&hellip;]<\/p>\n","protected":false},"author":4,"featured_media":17854,"comment_status":"closed","ping_status":"closed","sticky":false,"template":"","format":"standard","meta":{"footnotes":""},"categories":[4],"tags":[],"class_list":["post-17853","post","type-post","status-publish","format-standard","has-post-thumbnail","hentry","category-tampico"],"_links":{"self":[{"href":"https:\/\/conexiontotal.press\/index.php\/wp-json\/wp\/v2\/posts\/17853","targetHints":{"allow":["GET"]}}],"collection":[{"href":"https:\/\/conexiontotal.press\/index.php\/wp-json\/wp\/v2\/posts"}],"about":[{"href":"https:\/\/conexiontotal.press\/index.php\/wp-json\/wp\/v2\/types\/post"}],"author":[{"embeddable":true,"href":"https:\/\/conexiontotal.press\/index.php\/wp-json\/wp\/v2\/users\/4"}],"replies":[{"embeddable":true,"href":"https:\/\/conexiontotal.press\/index.php\/wp-json\/wp\/v2\/comments?post=17853"}],"version-history":[{"count":1,"href":"https:\/\/conexiontotal.press\/index.php\/wp-json\/wp\/v2\/posts\/17853\/revisions"}],"predecessor-version":[{"id":17855,"href":"https:\/\/conexiontotal.press\/index.php\/wp-json\/wp\/v2\/posts\/17853\/revisions\/17855"}],"wp:featuredmedia":[{"embeddable":true,"href":"https:\/\/conexiontotal.press\/index.php\/wp-json\/wp\/v2\/media\/17854"}],"wp:attachment":[{"href":"https:\/\/conexiontotal.press\/index.php\/wp-json\/wp\/v2\/media?parent=17853"}],"wp:term":[{"taxonomy":"category","embeddable":true,"href":"https:\/\/conexiontotal.press\/index.php\/wp-json\/wp\/v2\/categories?post=17853"},{"taxonomy":"post_tag","embeddable":true,"href":"https:\/\/conexiontotal.press\/index.php\/wp-json\/wp\/v2\/tags?post=17853"}],"curies":[{"name":"wp","href":"https:\/\/api.w.org\/{rel}","templated":true}]}}