{"id":17894,"date":"2024-10-12T10:50:28","date_gmt":"2024-10-12T16:50:28","guid":{"rendered":"https:\/\/conexiontotal.press\/?p=17894"},"modified":"2024-10-12T10:50:28","modified_gmt":"2024-10-12T16:50:28","slug":"vicente-verastegui-fue-localizado-sano-y-salvo","status":"publish","type":"post","link":"https:\/\/conexiontotal.press\/index.php\/2024\/10\/12\/vicente-verastegui-fue-localizado-sano-y-salvo\/","title":{"rendered":"Vicente Ver\u00e1stegui fue localizado sano y salvo"},"content":{"rendered":"<p>CIUDAD VICTORIA, TAMAULIPAS.- El diputado Vicente Ver\u00e1stegui Ostos ya fue localizado sano y salvo y ya se encuentra con sus familiares, inform\u00f3 la Fiscal\u00eda General de Justicia de Tamaulipas, quien contin\u00faa con las indagatorias para dar con los responsables del plagio del pol\u00edtico.<\/p>\n<p>Luego de un operativo de b\u00fasqueda en el que participaron elementos de Guardia Estatal, un grupo de Fuerzas Especiales del Ej\u00e9rcito Mexicano, Fiscal\u00eda del Estado, Guardia Nacional y la Comisi\u00f3n Estatal de B\u00fasqueda, en el \u00e1rea de Xicot\u00e9ncatl y El Mante, mientras por aire un helic\u00f3ptero de la Guardia Estatal tambi\u00e9n se uni\u00f3 por aire en la b\u00fasqueda, alrededor de las 07:30 horas de este s\u00e1bado, se localiz\u00f3 al ex diputado federal y puesto a salvo.<\/p>\n<p>Vicente Ver\u00e1stegui fue secuestrado por un convoy de hombres armados a bordo de cuatro motocicletas y un veh\u00edculo Jetta color blanco, que llegaron al rancho del legislador alrededor de las 17:30 horas y dispararon en al menos diez ocasiones para despu\u00e9s llev\u00e1rselo a bordo del veh\u00edculo compacto con rumbo desconocido.<\/p>\n<p>Se inform\u00f3 que los delincuentes tambi\u00e9n robaron una camioneta dorada, propiedad de un colaborador de Ver\u00e1stegui Ostos.<\/p>\n<p>Por Perla Res\u00e9ndez<\/p>\n","protected":false},"excerpt":{"rendered":"<p>CIUDAD VICTORIA, TAMAULIPAS.- El diputado Vicente Ver\u00e1stegui Ostos ya fue localizado sano y salvo y ya se encuentra con sus familiares, inform\u00f3 la Fiscal\u00eda General de Justicia de Tamaulipas, quien contin\u00faa con las indagatorias para dar con los responsables del plagio del pol\u00edtico. Luego de un operativo de b\u00fasqueda en el que participaron elementos de [&hellip;]<\/p>\n","protected":false},"author":4,"featured_media":17895,"comment_status":"closed","ping_status":"closed","sticky":false,"template":"","format":"standard","meta":{"footnotes":""},"categories":[3],"tags":[],"class_list":["post-17894","post","type-post","status-publish","format-standard","has-post-thumbnail","hentry","category-victoria"],"_links":{"self":[{"href":"https:\/\/conexiontotal.press\/index.php\/wp-json\/wp\/v2\/posts\/17894","targetHints":{"allow":["GET"]}}],"collection":[{"href":"https:\/\/conexiontotal.press\/index.php\/wp-json\/wp\/v2\/posts"}],"about":[{"href":"https:\/\/conexiontotal.press\/index.php\/wp-json\/wp\/v2\/types\/post"}],"author":[{"embeddable":true,"href":"https:\/\/conexiontotal.press\/index.php\/wp-json\/wp\/v2\/users\/4"}],"replies":[{"embeddable":true,"href":"https:\/\/conexiontotal.press\/index.php\/wp-json\/wp\/v2\/comments?post=17894"}],"version-history":[{"count":1,"href":"https:\/\/conexiontotal.press\/index.php\/wp-json\/wp\/v2\/posts\/17894\/revisions"}],"predecessor-version":[{"id":17896,"href":"https:\/\/conexiontotal.press\/index.php\/wp-json\/wp\/v2\/posts\/17894\/revisions\/17896"}],"wp:featuredmedia":[{"embeddable":true,"href":"https:\/\/conexiontotal.press\/index.php\/wp-json\/wp\/v2\/media\/17895"}],"wp:attachment":[{"href":"https:\/\/conexiontotal.press\/index.php\/wp-json\/wp\/v2\/media?parent=17894"}],"wp:term":[{"taxonomy":"category","embeddable":true,"href":"https:\/\/conexiontotal.press\/index.php\/wp-json\/wp\/v2\/categories?post=17894"},{"taxonomy":"post_tag","embeddable":true,"href":"https:\/\/conexiontotal.press\/index.php\/wp-json\/wp\/v2\/tags?post=17894"}],"curies":[{"name":"wp","href":"https:\/\/api.w.org\/{rel}","templated":true}]}}