{"id":17968,"date":"2024-10-04T13:31:58","date_gmt":"2024-10-04T19:31:58","guid":{"rendered":"https:\/\/conexiontotal.press\/?p=17968"},"modified":"2024-10-17T13:32:03","modified_gmt":"2024-10-17T19:32:03","slug":"atestigua-americo-villarreal-relevos-de-mandos-de-la-iv-region-8-a-y-48-a-zonas-militares","status":"publish","type":"post","link":"https:\/\/conexiontotal.press\/index.php\/2024\/10\/04\/atestigua-americo-villarreal-relevos-de-mandos-de-la-iv-region-8-a-y-48-a-zonas-militares\/","title":{"rendered":"Atestigua Am\u00e9rico Villarreal relevos de mandos de la IV Regi\u00f3n, 8\/a y 48\/a Zonas Militares"},"content":{"rendered":"<p data-reader-unique-id=\"1\"><strong data-reader-unique-id=\"2\">Apodaca, N.L.-<\/strong>El gobernador de Tamaulipas, Am\u00e9rico Villarreal Anaya, acudi\u00f3 esta ma\u00f1ana a la toma de posesi\u00f3n y protesta de bandera de los Generales de Brigada D.E.M Juan Jos\u00e9 G\u00f3mez Ruiz, comandante de la IV Regi\u00f3n Militar (Escobedo, N.L); Fernando Colchado G\u00f3mez, comandante de la Octava Zona Militar (Reynosa) y Enrique Garc\u00eda Jaramillo, comandante de la 48\/a Zona Militar (Cd. Victoria).<\/p>\n<p data-reader-unique-id=\"3\">La reuni\u00f3n protocolaria se realiz\u00f3 en las instalaciones de la Cuarta Brigada de Polic\u00eda Militar con sede en el municipio de Apodaca.<\/p>\n<p data-reader-unique-id=\"4\">El gobernador dese\u00f3 \u00e9xito a los mandos militares en sus nuevas tareas y reiter\u00f3 su compromiso de seguir trabajando de forma coordinada para reforzar la seguridad y construir la paz en Tamaulipas.<\/p>\n<p data-reader-unique-id=\"5\">A la ceremonia acudieron el presidente de la Junta de Coordinaci\u00f3n Pol\u00edtica del Congreso, diputado Humberto Prieto; el titular del Poder Judicial, David Cerda y todos integrantes de la Mesa de Coordinaci\u00f3n para la Construcci\u00f3n de Paz en Tamaulipas.<\/p>\n","protected":false},"excerpt":{"rendered":"<p>Apodaca, N.L.-El gobernador de Tamaulipas, Am\u00e9rico Villarreal Anaya, acudi\u00f3 esta ma\u00f1ana a la toma de posesi\u00f3n y protesta de bandera de los Generales de Brigada D.E.M Juan Jos\u00e9 G\u00f3mez Ruiz, comandante de la IV Regi\u00f3n Militar (Escobedo, N.L); Fernando Colchado G\u00f3mez, comandante de la Octava Zona Militar (Reynosa) y Enrique Garc\u00eda Jaramillo, comandante de la [&hellip;]<\/p>\n","protected":false},"author":4,"featured_media":17969,"comment_status":"closed","ping_status":"closed","sticky":false,"template":"","format":"standard","meta":{"footnotes":""},"categories":[12],"tags":[],"class_list":["post-17968","post","type-post","status-publish","format-standard","has-post-thumbnail","hentry","category-mexico"],"_links":{"self":[{"href":"https:\/\/conexiontotal.press\/index.php\/wp-json\/wp\/v2\/posts\/17968","targetHints":{"allow":["GET"]}}],"collection":[{"href":"https:\/\/conexiontotal.press\/index.php\/wp-json\/wp\/v2\/posts"}],"about":[{"href":"https:\/\/conexiontotal.press\/index.php\/wp-json\/wp\/v2\/types\/post"}],"author":[{"embeddable":true,"href":"https:\/\/conexiontotal.press\/index.php\/wp-json\/wp\/v2\/users\/4"}],"replies":[{"embeddable":true,"href":"https:\/\/conexiontotal.press\/index.php\/wp-json\/wp\/v2\/comments?post=17968"}],"version-history":[{"count":1,"href":"https:\/\/conexiontotal.press\/index.php\/wp-json\/wp\/v2\/posts\/17968\/revisions"}],"predecessor-version":[{"id":17970,"href":"https:\/\/conexiontotal.press\/index.php\/wp-json\/wp\/v2\/posts\/17968\/revisions\/17970"}],"wp:featuredmedia":[{"embeddable":true,"href":"https:\/\/conexiontotal.press\/index.php\/wp-json\/wp\/v2\/media\/17969"}],"wp:attachment":[{"href":"https:\/\/conexiontotal.press\/index.php\/wp-json\/wp\/v2\/media?parent=17968"}],"wp:term":[{"taxonomy":"category","embeddable":true,"href":"https:\/\/conexiontotal.press\/index.php\/wp-json\/wp\/v2\/categories?post=17968"},{"taxonomy":"post_tag","embeddable":true,"href":"https:\/\/conexiontotal.press\/index.php\/wp-json\/wp\/v2\/tags?post=17968"}],"curies":[{"name":"wp","href":"https:\/\/api.w.org\/{rel}","templated":true}]}}