{"id":17982,"date":"2024-10-25T22:34:48","date_gmt":"2024-10-26T04:34:48","guid":{"rendered":"https:\/\/conexiontotal.press\/?p=17982"},"modified":"2024-10-25T22:34:48","modified_gmt":"2024-10-26T04:34:48","slug":"inaugura-americo-el-xxii-festival-internacional-en-la-costa-del-seno-mexicano","status":"publish","type":"post","link":"https:\/\/conexiontotal.press\/index.php\/2024\/10\/25\/inaugura-americo-el-xxii-festival-internacional-en-la-costa-del-seno-mexicano\/","title":{"rendered":"Inaugura Am\u00e9rico el XXII Festival Internacional en la Costa del Seno Mexicano"},"content":{"rendered":"<p>CIUDAD VICTORIA, Tamaulipas.- El gobernador Am\u00e9rico Villarreal Anaya inaugur\u00f3 la XXII edici\u00f3n del Festival Internacional en la Costa del Seno Mexicano 2024<span class=\"Apple-converted-space\">\u00a0 <\/span>y asegur\u00f3 que Tamaulipas es una tierra en la que se garantiza el ejercicio pleno del derecho a la cultura.<\/p>\n<p>Acompa\u00f1ado por la presidenta del Sistema DIF Estatal, Mar\u00eda de Villarreal, en el teatro Amalia G. de Castillo Led\u00f3n, el gobernador del estado record\u00f3 que este festival fue instaurado por el gobierno de Am\u00e9rico Villarreal Guerra y reactivado hace un a\u00f1o, para recuperar y preservar la herencia cultural de Tamaulipas y su gente.<\/p>\n<p>&#8220;Para las y los tamaulipecos, este festival es efectivamente un escenario, con la mejor de nuestras expresiones creativas y de la diversidad art\u00edstica puestas al servicio del di\u00e1logo, de la reflexi\u00f3n y la sensibilizaci\u00f3n ante la grandeza del arte en todas sus formas&#8221;, dijo.<\/p>\n<p>&#8220;Un festival que brinda a las y los tamaulipecos momentos memorables, as\u00ed como la apropiaci\u00f3n y resignificaci\u00f3n del espacio p\u00fablico y del humanismo que nos hermana a trav\u00e9s del sentido que damos nosotros mismos a la experiencia y el contexto sociocultural que vivimos&#8221;, agreg\u00f3.<\/p>\n<p>Antes de dar la voz para &#8220;que se levante el tel\u00f3n&#8221;, Villarreal Anaya agradeci\u00f3 la participaci\u00f3n de organizadores, artistas, colaboradores y visitantes que han hecho posible este encuentro y destac\u00f3 que el Festival tambi\u00e9n representa un motor de desarrollo para la regi\u00f3n, impulsa el turismo cultural, genera oportunidades econ\u00f3micas, promueve el talento local y fortalece a las comunidades en su hospitalidad, en sus atractivos y permite que el arte se convierta en una herramienta de transformaci\u00f3n y progreso.<\/p>\n<p>DESDE SU FESTIVAL, TAMAULIPAS DIALOGA CON EL MUNDO: ITCA<\/p>\n<p>Al dar la bienvenida, el director general del Instituto Tamaulipeco para la Cultura y las Artes, H\u00e9ctor Romero Lecanda afirm\u00f3 que desde este festival, Tamaulipas dialoga con el mundo ya que es una celebraci\u00f3n de la diversidad creativa, &#8220;que nos enriquece como sociedad y un espacio donde se re\u00fanen artistas creadores y p\u00fablicos de distintas latitudes para compartir lo mejor de sus expresiones art\u00edsticas&#8221;.<\/p>\n<p>Indic\u00f3 que este a\u00f1o se hace \u00e9nfasis en fomentar la inclusi\u00f3n al dar voz y espacio a creadores y p\u00fablicos con discapacidad, a la comunidad LGBTTTIQ+, a la poblaci\u00f3n migrante y comunidades vulnerables.<\/p>\n<p>Agradeci\u00f3 al gobernador Am\u00e9rico Villarreal Anaya, al Sistema DIF y a la Secretar\u00eda de Bienestar, por impulsar esta fiesta de la cultura para todas y todos en Tamaulipas, y que la puedan disfrutar de forma gratuita, haciendo del festival un reflejo de la sociedad abierta y plural.<\/p>\n<p>En 31 municipios tamaulipecos que representan m\u00e1s del 71% del territorio se realizar\u00e1n actividades culturales con la participaci\u00f3n de 1,432 artistas de los cuales, 84 son procedentes de pa\u00edses como Brasil, Venezuela, Estados Unidos, Corea, Colombia, Marruecos y Francia.<\/p>\n<p>Adem\u00e1s, habr\u00e1 343 exponentes nacionales ampliando las perspectivas y experiencias art\u00edsticas para el p\u00fablico en cada regi\u00f3n de Tamaulipas, desde el r\u00edo P\u00e1nuco hasta el r\u00edo Bravo y desde el altiplano hasta el golfo, en estos 10 d\u00edas de fiesta cultural en Tamaulipas.<\/p>\n<p>Previo al acto protocolario y en medio de un ambiente festivo, en la plaza Ju\u00e1rez, tambi\u00e9n se llev\u00f3 a cabo la presentaci\u00f3n de la agrupaci\u00f3n Ilumiteatro Monumental \u201cAlebrijes Iluminados\u201d.<\/p>\n<p>En la ceremonia protocolaria tambi\u00e9n acompa\u00f1\u00f3 al gobernador, Silvia Casas Gonz\u00e1lez, secretaria de Bienestar Social, adem\u00e1s de legisladores, funcionarios y la representante de la comunidad art\u00edstica del estado.<\/p>\n<p>La primera presentaci\u00f3n del Festival estuvo a cargo del Ballet Folkl\u00f3rico de M\u00e9xico de Amalia Hern\u00e1ndez que ofreci\u00f3 un majestuoso espect\u00e1culo con m\u00e1s de 40 bailarines, lleno de colorido, vestuarios t\u00edpicos de diversas regiones del pa\u00eds, m\u00fasica tradicional mexicana en vivo y extraordinarias coreograf\u00edas que emocionaron a todas y todos los presentes.<\/p>\n<p>STAFF<span class=\"Apple-converted-space\">\u00a0<\/span><\/p>\n","protected":false},"excerpt":{"rendered":"<p>CIUDAD VICTORIA, Tamaulipas.- El gobernador Am\u00e9rico Villarreal Anaya inaugur\u00f3 la XXII edici\u00f3n del Festival Internacional en la Costa del Seno Mexicano 2024\u00a0 y asegur\u00f3 que Tamaulipas es una tierra en la que se garantiza el ejercicio pleno del derecho a la cultura. Acompa\u00f1ado por la presidenta del Sistema DIF Estatal, Mar\u00eda de Villarreal, en el [&hellip;]<\/p>\n","protected":false},"author":4,"featured_media":17983,"comment_status":"closed","ping_status":"closed","sticky":false,"template":"","format":"standard","meta":{"footnotes":""},"categories":[3],"tags":[],"class_list":["post-17982","post","type-post","status-publish","format-standard","has-post-thumbnail","hentry","category-victoria"],"_links":{"self":[{"href":"https:\/\/conexiontotal.press\/index.php\/wp-json\/wp\/v2\/posts\/17982","targetHints":{"allow":["GET"]}}],"collection":[{"href":"https:\/\/conexiontotal.press\/index.php\/wp-json\/wp\/v2\/posts"}],"about":[{"href":"https:\/\/conexiontotal.press\/index.php\/wp-json\/wp\/v2\/types\/post"}],"author":[{"embeddable":true,"href":"https:\/\/conexiontotal.press\/index.php\/wp-json\/wp\/v2\/users\/4"}],"replies":[{"embeddable":true,"href":"https:\/\/conexiontotal.press\/index.php\/wp-json\/wp\/v2\/comments?post=17982"}],"version-history":[{"count":1,"href":"https:\/\/conexiontotal.press\/index.php\/wp-json\/wp\/v2\/posts\/17982\/revisions"}],"predecessor-version":[{"id":17984,"href":"https:\/\/conexiontotal.press\/index.php\/wp-json\/wp\/v2\/posts\/17982\/revisions\/17984"}],"wp:featuredmedia":[{"embeddable":true,"href":"https:\/\/conexiontotal.press\/index.php\/wp-json\/wp\/v2\/media\/17983"}],"wp:attachment":[{"href":"https:\/\/conexiontotal.press\/index.php\/wp-json\/wp\/v2\/media?parent=17982"}],"wp:term":[{"taxonomy":"category","embeddable":true,"href":"https:\/\/conexiontotal.press\/index.php\/wp-json\/wp\/v2\/categories?post=17982"},{"taxonomy":"post_tag","embeddable":true,"href":"https:\/\/conexiontotal.press\/index.php\/wp-json\/wp\/v2\/tags?post=17982"}],"curies":[{"name":"wp","href":"https:\/\/api.w.org\/{rel}","templated":true}]}}