{"id":18039,"date":"2024-10-26T15:07:19","date_gmt":"2024-10-26T21:07:19","guid":{"rendered":"https:\/\/conexiontotal.press\/?p=18039"},"modified":"2024-10-30T15:07:36","modified_gmt":"2024-10-30T21:07:36","slug":"concluye-la-uat-colecta-de-viveres-juntos-por-guerrero","status":"publish","type":"post","link":"https:\/\/conexiontotal.press\/index.php\/2024\/10\/26\/concluye-la-uat-colecta-de-viveres-juntos-por-guerrero\/","title":{"rendered":"Concluye la UAT colecta de v\u00edveres \u201cJuntos por Guerrero\u201d\u00a0"},"content":{"rendered":"<p>La Universidad Aut\u00f3noma de Tamaulipas (UAT) concluy\u00f3 con \u00e9xito la colecta \u201cJuntos por Guerrero\u201d, la cual logr\u00f3 reunir una importante cantidad de v\u00edveres correspondientes a la iniciativa que busca brindar apoyo a las personas afectadas por el hurac\u00e1n John.<\/p>\n<p>En un acto de solidaridad, diversas \u00e1reas, secretar\u00edas, escuelas, facultades y unidades acad\u00e9mica s de la UAT reunieron y entregaron donativos durante la campa\u00f1a realizada del 2 al 15 de octubre.<\/p>\n<p>Durante este periodo, la comunidad universitaria recolect\u00f3 productos esenciales como alimentos no perecederos, art\u00edculos de higiene personal, productos para beb\u00e9s y art\u00edculos para el hogar.<\/p>\n<p>Esta acci\u00f3n refleja el firme compromiso de la UAT, bajo el liderazgo del rector D\u00e1maso Anaya Alvarado, con la responsabilidad social y el apoyo a quienes enfrentan momentos dif\u00edciles, fomentado la solidaridad, colaboraci\u00f3n y el sentido humanista de la comunidad universitaria y de la sociedad tamaulipeca.<\/p>\n<p>La colecta fue coordinada por Familia UAT y la Secretar\u00eda de Gesti\u00f3n Escolar a trav\u00e9s de la Direcci\u00f3n de Humanismo Social, estableciendo diversos puntos de recolecci\u00f3n en facultades y dependencias de la Universidad.<\/p>\n<p>La iniciativa tuvo una notable respuesta de la comunidad universitaria y de la sociedad tamaulipeca, quienes se unieron a esta noble causa.<\/p>\n<p>El esfuerzo culmin\u00f3 en un evento de entrega realizado en el Gimnasio Multidisciplinario de la UAT, donde un cami\u00f3n fue cargado con aproximadamente veinte mil art\u00edculos y preparado cuidadosamente para asegurar que los donativos lleguen en condiciones \u00f3ptimas a su destino.<\/p>\n<p>Con ese prop\u00f3sito, el transporte de carga se traslad\u00f3 a las instalaciones de la Asociaci\u00f3n Nacional de Universidades e Instituciones de Educaci\u00f3n Superior (ANUIES) en la Ciudad de M\u00e9xico, desde donde se har\u00e1 la distribuci\u00f3n a las comunidades afectadas.<\/p>\n<p>&nbsp;<\/p>\n","protected":false},"excerpt":{"rendered":"<p>La Universidad Aut\u00f3noma de Tamaulipas (UAT) concluy\u00f3 con \u00e9xito la colecta \u201cJuntos por Guerrero\u201d, la cual logr\u00f3 reunir una importante cantidad de v\u00edveres correspondientes a la iniciativa que busca brindar apoyo a las personas afectadas por el hurac\u00e1n John. En un acto de solidaridad, diversas \u00e1reas, secretar\u00edas, escuelas, facultades y unidades acad\u00e9mica s de la [&hellip;]<\/p>\n","protected":false},"author":4,"featured_media":18040,"comment_status":"closed","ping_status":"closed","sticky":false,"template":"","format":"standard","meta":{"footnotes":""},"categories":[3],"tags":[],"class_list":["post-18039","post","type-post","status-publish","format-standard","has-post-thumbnail","hentry","category-victoria"],"_links":{"self":[{"href":"https:\/\/conexiontotal.press\/index.php\/wp-json\/wp\/v2\/posts\/18039","targetHints":{"allow":["GET"]}}],"collection":[{"href":"https:\/\/conexiontotal.press\/index.php\/wp-json\/wp\/v2\/posts"}],"about":[{"href":"https:\/\/conexiontotal.press\/index.php\/wp-json\/wp\/v2\/types\/post"}],"author":[{"embeddable":true,"href":"https:\/\/conexiontotal.press\/index.php\/wp-json\/wp\/v2\/users\/4"}],"replies":[{"embeddable":true,"href":"https:\/\/conexiontotal.press\/index.php\/wp-json\/wp\/v2\/comments?post=18039"}],"version-history":[{"count":1,"href":"https:\/\/conexiontotal.press\/index.php\/wp-json\/wp\/v2\/posts\/18039\/revisions"}],"predecessor-version":[{"id":18041,"href":"https:\/\/conexiontotal.press\/index.php\/wp-json\/wp\/v2\/posts\/18039\/revisions\/18041"}],"wp:featuredmedia":[{"embeddable":true,"href":"https:\/\/conexiontotal.press\/index.php\/wp-json\/wp\/v2\/media\/18040"}],"wp:attachment":[{"href":"https:\/\/conexiontotal.press\/index.php\/wp-json\/wp\/v2\/media?parent=18039"}],"wp:term":[{"taxonomy":"category","embeddable":true,"href":"https:\/\/conexiontotal.press\/index.php\/wp-json\/wp\/v2\/categories?post=18039"},{"taxonomy":"post_tag","embeddable":true,"href":"https:\/\/conexiontotal.press\/index.php\/wp-json\/wp\/v2\/tags?post=18039"}],"curies":[{"name":"wp","href":"https:\/\/api.w.org\/{rel}","templated":true}]}}