{"id":18063,"date":"2024-11-03T08:28:24","date_gmt":"2024-11-03T14:28:24","guid":{"rendered":"https:\/\/conexiontotal.press\/?p=18063"},"modified":"2024-11-04T08:28:33","modified_gmt":"2024-11-04T14:28:33","slug":"concluye-uat-con-exito-el-seminario-web-sobre-humanismo-universitario","status":"publish","type":"post","link":"https:\/\/conexiontotal.press\/index.php\/2024\/11\/03\/concluye-uat-con-exito-el-seminario-web-sobre-humanismo-universitario\/","title":{"rendered":"Concluye UAT con \u00e9xito el seminario web sobre humanismo universitario\u00a0"},"content":{"rendered":"<p>El rector de la Universidad Aut\u00f3noma de Tamaulipas (UAT), D\u00e1maso Anaya Alvarado, clausur\u00f3 el seminario web Identidad UAT, Humanismo Universitario, que durante el mes de octubre ofreci\u00f3 un espacio de reflexi\u00f3n y aprendizaje para estudiantes y docentes en el fortalecimiento de la identidad universitaria, la innovaci\u00f3n educativa y la transformaci\u00f3n de la ense\u00f1anza.<\/p>\n<p>El rector D\u00e1maso Anaya expres\u00f3 su reconocimiento a la participaci\u00f3n de toda la comunidad universitaria, destacando que este seminario virtual fue una oportunidad para reafirmar el compromiso de la UAT con una educaci\u00f3n integral y con valores \u00e9ticos.<\/p>\n<p>Asimismo, resalt\u00f3 el enfoque humanista en la educaci\u00f3n, enfatiz\u00f3 el papel de los docentes como agentes de cambio en el aula y de los estudiantes como futuros l\u00edderes comprometidos con el desarrollo \u00e9tico y responsable en sus comunidades.<\/p>\n<p>De igual forma, reafirm\u00f3 el compromiso de la UAT con actividades que promueven la innovaci\u00f3n y contribuyen a una formaci\u00f3n integral que combina conocimiento y habilidades con valores y responsabilidad social.<\/p>\n<p>El seminario Identidad UAT incluy\u00f3 un programa dividido en bloques espec\u00edficos para estudiantes y docentes, cada uno dise\u00f1ado para abordar temas esenciales en la construcci\u00f3n de una identidad universitaria s\u00f3lida y en el impulso de la innovaci\u00f3n educativa.<\/p>\n<p>Las sesiones para estudiantes, tituladas &#8220;Tu identidad UAT&#8221;, &#8220;Transforma tu aprendizaje&#8221; y &#8220;Transforma innovando&#8221;, animaron a la comunidad estudiantil a reflexionar sobre el valor de pertenecer a la UAT, aprovechar herramientas tecnol\u00f3gicas y metodolog\u00edas innovadoras.<\/p>\n<p>Por su parte, las sesiones dedicadas a los docentes, bajo temas como &#8220;Identidad UAT&#8221;, &#8220;Transformando la ense\u00f1anza&#8221; e &#8220;Innovaci\u00f3n educativa&#8221;, promovieron el an\u00e1lisis de su rol en la creaci\u00f3n de ambientes de aprendizaje que integren el humanismo y la innovaci\u00f3n.<\/p>\n<p>El programa busc\u00f3 desarrollar estrategias de aprendizaje y ense\u00f1anza mediante materiales audiovisuales, sketches, din\u00e1micas interactivas y c\u00e1psulas informativas en las que se transmitieron a la comunidad universitaria los valores humanistas que definen a la UAT. Adem\u00e1s, se destacaron los programas educativos, la visi\u00f3n institucional y la historia de la Universidad, con el fin de profundizar en la formaci\u00f3n integral de los participantes.<\/p>\n<p>&nbsp;<\/p>\n","protected":false},"excerpt":{"rendered":"<p>El rector de la Universidad Aut\u00f3noma de Tamaulipas (UAT), D\u00e1maso Anaya Alvarado, clausur\u00f3 el seminario web Identidad UAT, Humanismo Universitario, que durante el mes de octubre ofreci\u00f3 un espacio de reflexi\u00f3n y aprendizaje para estudiantes y docentes en el fortalecimiento de la identidad universitaria, la innovaci\u00f3n educativa y la transformaci\u00f3n de la ense\u00f1anza. El rector [&hellip;]<\/p>\n","protected":false},"author":4,"featured_media":18064,"comment_status":"closed","ping_status":"closed","sticky":false,"template":"","format":"standard","meta":{"footnotes":""},"categories":[12],"tags":[],"class_list":["post-18063","post","type-post","status-publish","format-standard","has-post-thumbnail","hentry","category-mexico"],"_links":{"self":[{"href":"https:\/\/conexiontotal.press\/index.php\/wp-json\/wp\/v2\/posts\/18063","targetHints":{"allow":["GET"]}}],"collection":[{"href":"https:\/\/conexiontotal.press\/index.php\/wp-json\/wp\/v2\/posts"}],"about":[{"href":"https:\/\/conexiontotal.press\/index.php\/wp-json\/wp\/v2\/types\/post"}],"author":[{"embeddable":true,"href":"https:\/\/conexiontotal.press\/index.php\/wp-json\/wp\/v2\/users\/4"}],"replies":[{"embeddable":true,"href":"https:\/\/conexiontotal.press\/index.php\/wp-json\/wp\/v2\/comments?post=18063"}],"version-history":[{"count":1,"href":"https:\/\/conexiontotal.press\/index.php\/wp-json\/wp\/v2\/posts\/18063\/revisions"}],"predecessor-version":[{"id":18065,"href":"https:\/\/conexiontotal.press\/index.php\/wp-json\/wp\/v2\/posts\/18063\/revisions\/18065"}],"wp:featuredmedia":[{"embeddable":true,"href":"https:\/\/conexiontotal.press\/index.php\/wp-json\/wp\/v2\/media\/18064"}],"wp:attachment":[{"href":"https:\/\/conexiontotal.press\/index.php\/wp-json\/wp\/v2\/media?parent=18063"}],"wp:term":[{"taxonomy":"category","embeddable":true,"href":"https:\/\/conexiontotal.press\/index.php\/wp-json\/wp\/v2\/categories?post=18063"},{"taxonomy":"post_tag","embeddable":true,"href":"https:\/\/conexiontotal.press\/index.php\/wp-json\/wp\/v2\/tags?post=18063"}],"curies":[{"name":"wp","href":"https:\/\/api.w.org\/{rel}","templated":true}]}}