{"id":18109,"date":"2024-11-04T14:52:23","date_gmt":"2024-11-04T20:52:23","guid":{"rendered":"https:\/\/conexiontotal.press\/?p=18109"},"modified":"2024-11-19T14:54:32","modified_gmt":"2024-11-19T20:54:32","slug":"cierra-crisis-gana-dialogo-y-entrega-gattas-nombramientos","status":"publish","type":"post","link":"https:\/\/conexiontotal.press\/index.php\/2024\/11\/04\/cierra-crisis-gana-dialogo-y-entrega-gattas-nombramientos\/","title":{"rendered":"Cierra crisis, gana di\u00e1logo y entrega Gatt\u00e1s nombramientos"},"content":{"rendered":"<p>Ciudad Victoria, Tamaulipas.- La crisis administrativa en el Ayuntamiento de Victoria termin\u00f3 con la entrega de nombramientos de funcionarios municipales, una vez que Regidores y el Alcalde Eduardo Gatt\u00e1s se pusieron de acuerdo.<\/p>\n<p>\u201cAqu\u00ed gan\u00f3 el di\u00e1logo y la concertaci\u00f3n; nos hemos puesto de acuerdo para continuar con los trabajos en la capital\u201d, destac\u00f3 el Presidente Municipal en conferencia de prensas y despu\u00e9s de la sesi\u00f3n de Cabildo donde se aprobaron los nombramientos de los funcionarios del Ayuntamiento.<\/p>\n<p>Asegur\u00f3 que la relaci\u00f3n con el gobernador Am\u00e9rico Villarreal \u201ces buena\u201d y a\u00f1adi\u00f3 que una vez que platic\u00f3 con cada uno de los funcionarios se confirm\u00f3 que la transformaci\u00f3n est\u00e1 en marcha.<\/p>\n<p>Los nombramientos de los nuevos corresponden a:<br \/>\nHugo Resendez Secretario del Ayuntamiento; Guadalupe de los Reyes Tesorera; Ubaldo Castillo<br \/>\nComunicaci\u00f3n social; Manuel Eduardo G\u00f3mez Sald\u00edvar Direcci\u00f3n de Gobierno<\/p>\n<p>Julio Gallegos Ruiz Secretaria Particular; Julio Alejandro Rodr\u00edguez Garza<br \/>\nDirecci\u00f3n de An\u00e1lisis y Estrategia; Manuel Alejandro \u00c1vila Camacho<br \/>\nConsejer\u00eda Jur\u00eddica; Luis Roberto Ju\u00e1rez Unidad de Transparencia y Acceso a la Informaci\u00f3n; Livio Flores Rodr\u00edguez Coordinador de Producci\u00f3n Civil; Maricela Mart\u00ednez V\u00e1zquez Unidad de Mejora Regulatoria<\/p>\n<p>Luis Manuel Garc\u00eda Mart\u00ednez Secretaria de Desarrollo Econ\u00f3mico y Turismo; Gildardo Wong Amar Secretaria T\u00e9cnica; Erika Gonz\u00e1lez Mu\u00f1oz Direcci\u00f3n de Participaci\u00f3n Ciudadana y Asuntos Religiosos<\/p>\n<p>Narciso P\u00e1ez Mej\u00eda Secretaria de Desarrollo Rural; Secretaria Desarrollo Urbano<br \/>\nCristina Mayela Lav\u00edn Dalas; Director de Seguridad, Tr\u00e1nsito y Vialidad Javier C\u00f3rdova Gonz\u00e1lez<\/p>\n<p>Directora General para el Sistema DIF Victoria Patricia Reyes Gonz\u00e1lez; Comisario del Sistema DIF Victoria Sergio Antonio Guevara V\u00e1zquez<\/p>\n","protected":false},"excerpt":{"rendered":"<p>Ciudad Victoria, Tamaulipas.- La crisis administrativa en el Ayuntamiento de Victoria termin\u00f3 con la entrega de nombramientos de funcionarios municipales, una vez que Regidores y el Alcalde Eduardo Gatt\u00e1s se pusieron de acuerdo. \u201cAqu\u00ed gan\u00f3 el di\u00e1logo y la concertaci\u00f3n; nos hemos puesto de acuerdo para continuar con los trabajos en la capital\u201d, destac\u00f3 el [&hellip;]<\/p>\n","protected":false},"author":4,"featured_media":18110,"comment_status":"closed","ping_status":"closed","sticky":false,"template":"","format":"standard","meta":{"footnotes":""},"categories":[3],"tags":[],"class_list":["post-18109","post","type-post","status-publish","format-standard","has-post-thumbnail","hentry","category-victoria"],"_links":{"self":[{"href":"https:\/\/conexiontotal.press\/index.php\/wp-json\/wp\/v2\/posts\/18109","targetHints":{"allow":["GET"]}}],"collection":[{"href":"https:\/\/conexiontotal.press\/index.php\/wp-json\/wp\/v2\/posts"}],"about":[{"href":"https:\/\/conexiontotal.press\/index.php\/wp-json\/wp\/v2\/types\/post"}],"author":[{"embeddable":true,"href":"https:\/\/conexiontotal.press\/index.php\/wp-json\/wp\/v2\/users\/4"}],"replies":[{"embeddable":true,"href":"https:\/\/conexiontotal.press\/index.php\/wp-json\/wp\/v2\/comments?post=18109"}],"version-history":[{"count":1,"href":"https:\/\/conexiontotal.press\/index.php\/wp-json\/wp\/v2\/posts\/18109\/revisions"}],"predecessor-version":[{"id":18111,"href":"https:\/\/conexiontotal.press\/index.php\/wp-json\/wp\/v2\/posts\/18109\/revisions\/18111"}],"wp:featuredmedia":[{"embeddable":true,"href":"https:\/\/conexiontotal.press\/index.php\/wp-json\/wp\/v2\/media\/18110"}],"wp:attachment":[{"href":"https:\/\/conexiontotal.press\/index.php\/wp-json\/wp\/v2\/media?parent=18109"}],"wp:term":[{"taxonomy":"category","embeddable":true,"href":"https:\/\/conexiontotal.press\/index.php\/wp-json\/wp\/v2\/categories?post=18109"},{"taxonomy":"post_tag","embeddable":true,"href":"https:\/\/conexiontotal.press\/index.php\/wp-json\/wp\/v2\/tags?post=18109"}],"curies":[{"name":"wp","href":"https:\/\/api.w.org\/{rel}","templated":true}]}}