{"id":18118,"date":"2024-11-04T16:14:19","date_gmt":"2024-11-04T22:14:19","guid":{"rendered":"https:\/\/conexiontotal.press\/?p=18118"},"modified":"2024-11-19T16:14:31","modified_gmt":"2024-11-19T22:14:31","slug":"votara-hoy-cabildo-los-nombramientos","status":"publish","type":"post","link":"https:\/\/conexiontotal.press\/index.php\/2024\/11\/04\/votara-hoy-cabildo-los-nombramientos\/","title":{"rendered":"Votar\u00e1 hoy Cabildo los nombramientos"},"content":{"rendered":"<p data-reader-unique-id=\"1\">CIUDAD VICTORIA, TAMAULIPAS.- Si no hay cambios de \u00faltima hora, esta tarde sesionar\u00e1 el Cabildo de Victoria para discutir y votar los nombramientos de funcionarios municipales, que generaron un largo conflicto al interior del Ayuntamiento.<\/p>\n<p data-reader-unique-id=\"2\">La convocatoria publicada en el portal oficial del gobierno municipal, cita a la Cuarta Sesi\u00f3n Ordinaria de Cabildo, a realizarse a las 18:00 horas.<\/p>\n<p data-reader-unique-id=\"6\">En el orden del d\u00eda, se incluy\u00f3 la \u201cpropuesta y en su caso aprobaci\u00f3n de acuerdos para nombrar a diversos funcionarios p\u00fablicos municipales de la administraci\u00f3n 2024-2027\u201d.<\/p>\n<p data-reader-unique-id=\"7\">Y la \u201cpropuesta de acuerdo mediante la cual se aprueba el Proyecto de la Ley de Ingresos del Municipio de Victoria, Tamaulipas, para el Ejercicio Fiscal del a\u00f1o 2025\u201d.<\/p>\n<p data-reader-unique-id=\"11\">El pasado 25 de octubre estaba convocada un sesi\u00f3n extraordinaria de Cabildo para realizar los nombramientos pendientes, pero por problemas con la energ\u00eda el\u00e9ctrica, \u00e9sta fue suspendida.<\/p>\n<p data-reader-unique-id=\"12\">La designaci\u00f3n de los Secretarios fue el tema que desat\u00f3 un enfrentamiento entre al menos 16 regidores y el presidente municipal.<\/p>\n<p data-reader-unique-id=\"13\">Trascendi\u00f3 que las propuestas que se pondr\u00e1n sobre la mesa el d\u00eda de hoy ya fueron consensuadas, por lo que ser\u00edan aprobadas.<\/p>\n<p data-reader-unique-id=\"14\">De manea extraoficial, se conocieron algunos nombres como el de Javier C\u00f3rdoba Gonz\u00e1lez para la direcci\u00f3n de Seguridad, Tr\u00e1nsito y Vialidad, Cristina Lav\u00edn Hada para Desarrollo Urbano y Medio Ambiente, y Luis Manuel Mart\u00ednes para Desarrollo Econ\u00f3mico.<\/p>\n<p data-reader-unique-id=\"15\">Staff<br data-reader-unique-id=\"16\" \/>Expreso-La Raz\u00f3n<\/p>\n","protected":false},"excerpt":{"rendered":"<p>CIUDAD VICTORIA, TAMAULIPAS.- Si no hay cambios de \u00faltima hora, esta tarde sesionar\u00e1 el Cabildo de Victoria para discutir y votar los nombramientos de funcionarios municipales, que generaron un largo conflicto al interior del Ayuntamiento. La convocatoria publicada en el portal oficial del gobierno municipal, cita a la Cuarta Sesi\u00f3n Ordinaria de Cabildo, a realizarse [&hellip;]<\/p>\n","protected":false},"author":4,"featured_media":18119,"comment_status":"closed","ping_status":"closed","sticky":false,"template":"","format":"standard","meta":{"footnotes":""},"categories":[3],"tags":[],"class_list":["post-18118","post","type-post","status-publish","format-standard","has-post-thumbnail","hentry","category-victoria"],"_links":{"self":[{"href":"https:\/\/conexiontotal.press\/index.php\/wp-json\/wp\/v2\/posts\/18118","targetHints":{"allow":["GET"]}}],"collection":[{"href":"https:\/\/conexiontotal.press\/index.php\/wp-json\/wp\/v2\/posts"}],"about":[{"href":"https:\/\/conexiontotal.press\/index.php\/wp-json\/wp\/v2\/types\/post"}],"author":[{"embeddable":true,"href":"https:\/\/conexiontotal.press\/index.php\/wp-json\/wp\/v2\/users\/4"}],"replies":[{"embeddable":true,"href":"https:\/\/conexiontotal.press\/index.php\/wp-json\/wp\/v2\/comments?post=18118"}],"version-history":[{"count":1,"href":"https:\/\/conexiontotal.press\/index.php\/wp-json\/wp\/v2\/posts\/18118\/revisions"}],"predecessor-version":[{"id":18120,"href":"https:\/\/conexiontotal.press\/index.php\/wp-json\/wp\/v2\/posts\/18118\/revisions\/18120"}],"wp:featuredmedia":[{"embeddable":true,"href":"https:\/\/conexiontotal.press\/index.php\/wp-json\/wp\/v2\/media\/18119"}],"wp:attachment":[{"href":"https:\/\/conexiontotal.press\/index.php\/wp-json\/wp\/v2\/media?parent=18118"}],"wp:term":[{"taxonomy":"category","embeddable":true,"href":"https:\/\/conexiontotal.press\/index.php\/wp-json\/wp\/v2\/categories?post=18118"},{"taxonomy":"post_tag","embeddable":true,"href":"https:\/\/conexiontotal.press\/index.php\/wp-json\/wp\/v2\/tags?post=18118"}],"curies":[{"name":"wp","href":"https:\/\/api.w.org\/{rel}","templated":true}]}}