{"id":18128,"date":"2024-11-01T16:33:32","date_gmt":"2024-11-01T22:33:32","guid":{"rendered":"https:\/\/conexiontotal.press\/?p=18128"},"modified":"2024-11-19T16:33:47","modified_gmt":"2024-11-19T22:33:47","slug":"desahogara-cabildo-nombramientos-y-presupuesto-2025","status":"publish","type":"post","link":"https:\/\/conexiontotal.press\/index.php\/2024\/11\/01\/desahogara-cabildo-nombramientos-y-presupuesto-2025\/","title":{"rendered":"Desahogar\u00e1 cabildo nombramientos y presupuesto 2025"},"content":{"rendered":"<p>CIUDAD VICTORIA, TAMAULIPAS.- El Cabildo de Victoria podr\u00eda sesionar el viernes 1 o a m\u00e1s tardar el lunes 4 de noviembre para abordar los pendientes acumulados desde el 1 de octubre.<\/p>\n<p>Entre los temas a tratar est\u00e1n el nombramiento de seis funcionarios, la asignaci\u00f3n de comisiones a regidores y el presupuesto para 2025, seg\u00fan inform\u00f3 Hugo Res\u00e9ndez Silva, secretario del Ayuntamiento.<\/p>\n<p>\u201cTenemos asuntos importantes que est\u00e1n listos para la pr\u00f3xima sesi\u00f3n de cabildo. Convocaremos a las fuerzas pol\u00edticas para definir la fecha, que podr\u00eda ser este viernes o el pr\u00f3ximo lunes por la tarde.<\/p>\n<p>Respecto a los nombramientos, hemos estado explicando a s\u00edndicos y regidores el criterio legal que sostiene la decisi\u00f3n del alcalde sobre la ratificaci\u00f3n de estos cargos\u201d, declar\u00f3 Res\u00e9ndez.<\/p>\n<p>El secretario detall\u00f3 que el alcalde est\u00e1 atendiendo la recomendaci\u00f3n del Congreso de llevar los nombramientos al Cabildo.<\/p>\n<p>\u201cHemos dialogado con varios miembros del Ayuntamiento y coincidimos en la necesidad de resolver este tema.<\/p>\n<p>Nuestro objetivo es desahogarlo a m\u00e1s tardar el lunes, pues otros temas, como el presupuesto, tambi\u00e9n requieren nuestra atenci\u00f3n\u201d, a\u00f1adi\u00f3.<\/p>\n<p>Res\u00e9ndez destac\u00f3 que las posibilidades est\u00e1n abiertas para ratificar a los funcionarios o cambiar las propuestas.<\/p>\n<p>\u201cEl alcalde est\u00e1 dispuesto a considerar lo que decida el cuerpo edilicio.<\/p>\n<p>Hemos encontrado avances en las pl\u00e1ticas con regidores y s\u00edndicos, quienes han expuesto sus motivos y escuchado nuestros argumentos. Mientras tanto, el Ayuntamiento opera con normalidad\u201d, afirm\u00f3.<\/p>\n<p>Tambi\u00e9n confirm\u00f3 que este viernes es d\u00eda inh\u00e1bil, y m\u00e1s de 2,000 trabajadores del Ayuntamiento de Victoria tendr\u00e1n el d\u00eda libre, con excepci\u00f3n de empleados de servicios p\u00fablicos, protecci\u00f3n civil, tr\u00e1nsito, obras y otras \u00e1reas esenciales.<\/p>\n<p>Por Salvador Valadez C.<br \/>\nEXPRESO-LA RAZON<\/p>\n","protected":false},"excerpt":{"rendered":"<p>CIUDAD VICTORIA, TAMAULIPAS.- El Cabildo de Victoria podr\u00eda sesionar el viernes 1 o a m\u00e1s tardar el lunes 4 de noviembre para abordar los pendientes acumulados desde el 1 de octubre. Entre los temas a tratar est\u00e1n el nombramiento de seis funcionarios, la asignaci\u00f3n de comisiones a regidores y el presupuesto para 2025, seg\u00fan inform\u00f3 [&hellip;]<\/p>\n","protected":false},"author":4,"featured_media":18129,"comment_status":"closed","ping_status":"closed","sticky":false,"template":"","format":"standard","meta":{"footnotes":""},"categories":[3],"tags":[],"class_list":["post-18128","post","type-post","status-publish","format-standard","has-post-thumbnail","hentry","category-victoria"],"_links":{"self":[{"href":"https:\/\/conexiontotal.press\/index.php\/wp-json\/wp\/v2\/posts\/18128","targetHints":{"allow":["GET"]}}],"collection":[{"href":"https:\/\/conexiontotal.press\/index.php\/wp-json\/wp\/v2\/posts"}],"about":[{"href":"https:\/\/conexiontotal.press\/index.php\/wp-json\/wp\/v2\/types\/post"}],"author":[{"embeddable":true,"href":"https:\/\/conexiontotal.press\/index.php\/wp-json\/wp\/v2\/users\/4"}],"replies":[{"embeddable":true,"href":"https:\/\/conexiontotal.press\/index.php\/wp-json\/wp\/v2\/comments?post=18128"}],"version-history":[{"count":1,"href":"https:\/\/conexiontotal.press\/index.php\/wp-json\/wp\/v2\/posts\/18128\/revisions"}],"predecessor-version":[{"id":18130,"href":"https:\/\/conexiontotal.press\/index.php\/wp-json\/wp\/v2\/posts\/18128\/revisions\/18130"}],"wp:featuredmedia":[{"embeddable":true,"href":"https:\/\/conexiontotal.press\/index.php\/wp-json\/wp\/v2\/media\/18129"}],"wp:attachment":[{"href":"https:\/\/conexiontotal.press\/index.php\/wp-json\/wp\/v2\/media?parent=18128"}],"wp:term":[{"taxonomy":"category","embeddable":true,"href":"https:\/\/conexiontotal.press\/index.php\/wp-json\/wp\/v2\/categories?post=18128"},{"taxonomy":"post_tag","embeddable":true,"href":"https:\/\/conexiontotal.press\/index.php\/wp-json\/wp\/v2\/tags?post=18128"}],"curies":[{"name":"wp","href":"https:\/\/api.w.org\/{rel}","templated":true}]}}