{"id":18138,"date":"2024-11-21T17:19:41","date_gmt":"2024-11-21T23:19:41","guid":{"rendered":"https:\/\/conexiontotal.press\/?p=18138"},"modified":"2024-11-21T17:19:41","modified_gmt":"2024-11-21T23:19:41","slug":"eva-longoria-se-muda-a-mexico-tras-victoria-de-trump","status":"publish","type":"post","link":"https:\/\/conexiontotal.press\/index.php\/2024\/11\/21\/eva-longoria-se-muda-a-mexico-tras-victoria-de-trump\/","title":{"rendered":"Eva Longoria se muda a M\u00e9xico tras victoria de Trump"},"content":{"rendered":"<p>CIUDAD DE M\u00c9XICO.-El triunfo de Donald Trump en las urnas el pasado 5 de noviembre puso varios temas sobre la mesa, y sobre todo, provoc\u00f3 gran conmoci\u00f3n en algunos sectores de la sociedad y sus retractores, quienes de inmediato buscaron alternativas para evitar el segundo mandato del empresario al considerarlo una amenaza para los Estados Unidos.<\/p>\n<p>Es as\u00ed como muchas figuras de la far\u00e1ndula anunciaron que dejar\u00eda Estados Unidos ahora que Trump ser\u00e1 el presidente, y algunos ya lo cumplieron, como Eva Longoria, quien recientemente revel\u00f3 que ahora vive entre M\u00e9xico y Espa\u00f1a y que ha dejado para siempre su vida en su pa\u00eds de origen al que calific\u00f3 como dist\u00f3pico&#8221; y &#8220;aterrador&#8221;.<\/p>\n<p>En una entrevista para la revista Marie Claire, la actriz de \u201cDesperate Housewives\u201d explic\u00f3 que ella y su esposo Jos\u00e9 Bast\u00f3n, junto con su hijo Santiago de seis a\u00f1os, hace mucho que no consideran su hogar a la ciudad de Los \u00c1ngeles, pues desde hace un tiempo dividen su vida entre Espa\u00f1a y M\u00e9xico.<\/p>\n<p>Adem\u00e1s, calific\u00f3 a Estados Unidos como \u201cun lugar aterrador\u201d, aunque reconoci\u00f3 ser \u201cprivilegiada\u201d por poder vivir en el extranjero y alejarse de lo que viene para Estados Unidos ahora que Trump es presidente.<\/p>\n<p>\u201cPuedo escapar e ir a alg\u00fan lugar. La mayor\u00eda de los estadounidenses no tienen tanta suerte\u2026 Van a estar atrapados en este pa\u00eds dist\u00f3pico, y mi ansiedad y tristeza son por ellos\u201d, dijo.<\/p>\n<p>La famosa manifest\u00f3 su apoyo a Kamala Harris durante el verano pasado, en donde incluso hizo campa\u00f1a a favor de la vicepresidenta que fue derrotada por el millonario, quien por segunda ocasi\u00f3n gobernar\u00e1 Estados Unidos.<\/p>\n<p>La actriz tambi\u00e9n dijo que tras la derrota de Harris se siente insatisfecha con la realidad que atraviesa el pa\u00eds, y en particular, el regreso de Donald Trump a la presidencia.<\/p>\n<p>&#8220;Tuve toda mi vida adulta aqu\u00ed, pero incluso antes (de la pandemia), todo estaba cambiando. El ambiente era diferente. Y luego lleg\u00f3 el covid y lo llev\u00f3 al l\u00edmite. Ya sea por la falta de vivienda o por los impuestos, no es que me quiera ca*** en California, pero siento que este cap\u00edtulo de mi vida ya termin\u00f3&#8221;, agreg\u00f3.<\/p>\n<p>Finalmente, lament\u00f3 que una persona como Trum haya llegado por segunda vez a la presidencia, sobre todo por las acusaciones que pesan en su contra y la forma tan despectiva en c\u00f3mo se ha referido a sectores vulnerables de la sociedad.<\/p>\n<p>&#8220;Lo chocante no es que haya ganado. Lo chocante es que un criminal convicto que escupe tanto odio pueda ocupar el cargo m\u00e1s alto&#8221;, se\u00f1al\u00f3 la artista.<\/p>\n<p>Con informaci\u00f3n de EXC\u00c9LSIOR<span class=\"Apple-converted-space\">\u00a0<\/span><\/p>\n","protected":false},"excerpt":{"rendered":"<p>CIUDAD DE M\u00c9XICO.-El triunfo de Donald Trump en las urnas el pasado 5 de noviembre puso varios temas sobre la mesa, y sobre todo, provoc\u00f3 gran conmoci\u00f3n en algunos sectores de la sociedad y sus retractores, quienes de inmediato buscaron alternativas para evitar el segundo mandato del empresario al considerarlo una amenaza para los Estados [&hellip;]<\/p>\n","protected":false},"author":4,"featured_media":18139,"comment_status":"closed","ping_status":"closed","sticky":false,"template":"","format":"standard","meta":{"footnotes":""},"categories":[16],"tags":[],"class_list":["post-18138","post","type-post","status-publish","format-standard","has-post-thumbnail","hentry","category-espectaculos"],"_links":{"self":[{"href":"https:\/\/conexiontotal.press\/index.php\/wp-json\/wp\/v2\/posts\/18138","targetHints":{"allow":["GET"]}}],"collection":[{"href":"https:\/\/conexiontotal.press\/index.php\/wp-json\/wp\/v2\/posts"}],"about":[{"href":"https:\/\/conexiontotal.press\/index.php\/wp-json\/wp\/v2\/types\/post"}],"author":[{"embeddable":true,"href":"https:\/\/conexiontotal.press\/index.php\/wp-json\/wp\/v2\/users\/4"}],"replies":[{"embeddable":true,"href":"https:\/\/conexiontotal.press\/index.php\/wp-json\/wp\/v2\/comments?post=18138"}],"version-history":[{"count":1,"href":"https:\/\/conexiontotal.press\/index.php\/wp-json\/wp\/v2\/posts\/18138\/revisions"}],"predecessor-version":[{"id":18140,"href":"https:\/\/conexiontotal.press\/index.php\/wp-json\/wp\/v2\/posts\/18138\/revisions\/18140"}],"wp:featuredmedia":[{"embeddable":true,"href":"https:\/\/conexiontotal.press\/index.php\/wp-json\/wp\/v2\/media\/18139"}],"wp:attachment":[{"href":"https:\/\/conexiontotal.press\/index.php\/wp-json\/wp\/v2\/media?parent=18138"}],"wp:term":[{"taxonomy":"category","embeddable":true,"href":"https:\/\/conexiontotal.press\/index.php\/wp-json\/wp\/v2\/categories?post=18138"},{"taxonomy":"post_tag","embeddable":true,"href":"https:\/\/conexiontotal.press\/index.php\/wp-json\/wp\/v2\/tags?post=18138"}],"curies":[{"name":"wp","href":"https:\/\/api.w.org\/{rel}","templated":true}]}}