{"id":18147,"date":"2024-11-21T08:29:56","date_gmt":"2024-11-21T14:29:56","guid":{"rendered":"https:\/\/conexiontotal.press\/?p=18147"},"modified":"2024-11-25T08:30:02","modified_gmt":"2024-11-25T14:30:02","slug":"llama-americo-a-inscribirse-a-eleccion-de-jueces-y-magistrados","status":"publish","type":"post","link":"https:\/\/conexiontotal.press\/index.php\/2024\/11\/21\/llama-americo-a-inscribirse-a-eleccion-de-jueces-y-magistrados\/","title":{"rendered":"Llama Am\u00e9rico a inscribirse a elecci\u00f3n de Jueces y Magistrados"},"content":{"rendered":"<p data-reader-unique-id=\"1\"><strong data-reader-unique-id=\"2\">Ciudad Victoria, Tamaulipas.- <\/strong>Am\u00e9rico Villarreal hizo un llamado a los ciudadanos y aspirantes a un cargo en el Poder Judicial de la Federaci\u00f3n, a inscribirse para participar en la elecci\u00f3n del primero de junio del 2025.<\/p>\n<p data-reader-unique-id=\"3\">El llamado del mandatario, llega a unos d\u00edas de que cierre el registro para candidatos a los cargos de Magistrados, Ministros y Jueces de Distrito as\u00ed como Magistrados del Tribunal de Disciplina Judicial en la Federaci\u00f3n.<\/p>\n<p data-reader-unique-id=\"4\">Reconoci\u00f3 que en Tamaulipas trabajamos concurrentemente, el Poder Legislativo, el Ejecutivo, en alentar a la participaci\u00f3n de este nuevo modelo electoral.<\/p>\n<p data-reader-unique-id=\"5\">El mandatario, festej\u00f3 que se haya aprobado la reforma judicial en Tamaulipas porque se convirti\u00f3 en el primer estado del pa\u00eds que hace la homologaci\u00f3n de la Reforma del Poder Judicial de la federaci\u00f3n y con ello, organizar la elecci\u00f3n de jueces, juezas y magistrados en la entidad.<\/p>\n<p data-reader-unique-id=\"6\">\u201cAhorita estamos en el proceso de los que nos corresponden desde el punto de vista del \u00e1mbito federal, que son 27 jueces y magistrados que van a participar\u2026el Poder Judicial no est\u00e1 besado, pero que en una forma de colaboraci\u00f3n, comunicaci\u00f3n, podamos concurrir juntos y darle mayor certeza a este importante poder para el servicio de los ciudadanos con legitimidad\u201d.<\/p>\n<p data-reader-unique-id=\"7\">Entrevistado esta noche en Palacio de Gobierno, el mandatario record\u00f3 que ya se<br data-reader-unique-id=\"8\" \/>public\u00f3 en el Peri\u00f3dico Oficial del Estado, la reforma al Poder Judicial donde ir\u00e1n juntos a la elecci\u00f3n concurrente.<\/p>\n<p data-reader-unique-id=\"9\">\u201cEn el 2025 vamos a hacer una renovaci\u00f3n de los 127 magistrados y jueces que desde el punto de vista local laboran en nuestra entidad, para de una vez, estar nosotros en la plenitud de esta reforma judicial\u201d.<\/p>\n<p data-reader-unique-id=\"10\">Villarreal Anaya, dijo que esperar\u00e1n la pauta que marqu\u00e9 el Congreso de la Uni\u00f3n, luego de que el Instituto Nacional Electoral (INE) solicit\u00f3 una pr\u00f3rroga de 90 d\u00edas para la fecha de la elecci\u00f3n federal, del 1 de junio al 1 de septiembre, de tal forma que se empaten ambas elecciones.<\/p>\n","protected":false},"excerpt":{"rendered":"<p>Ciudad Victoria, Tamaulipas.- Am\u00e9rico Villarreal hizo un llamado a los ciudadanos y aspirantes a un cargo en el Poder Judicial de la Federaci\u00f3n, a inscribirse para participar en la elecci\u00f3n del primero de junio del 2025. El llamado del mandatario, llega a unos d\u00edas de que cierre el registro para candidatos a los cargos de [&hellip;]<\/p>\n","protected":false},"author":4,"featured_media":18148,"comment_status":"closed","ping_status":"closed","sticky":false,"template":"","format":"standard","meta":{"footnotes":""},"categories":[3],"tags":[],"class_list":["post-18147","post","type-post","status-publish","format-standard","has-post-thumbnail","hentry","category-victoria"],"_links":{"self":[{"href":"https:\/\/conexiontotal.press\/index.php\/wp-json\/wp\/v2\/posts\/18147","targetHints":{"allow":["GET"]}}],"collection":[{"href":"https:\/\/conexiontotal.press\/index.php\/wp-json\/wp\/v2\/posts"}],"about":[{"href":"https:\/\/conexiontotal.press\/index.php\/wp-json\/wp\/v2\/types\/post"}],"author":[{"embeddable":true,"href":"https:\/\/conexiontotal.press\/index.php\/wp-json\/wp\/v2\/users\/4"}],"replies":[{"embeddable":true,"href":"https:\/\/conexiontotal.press\/index.php\/wp-json\/wp\/v2\/comments?post=18147"}],"version-history":[{"count":1,"href":"https:\/\/conexiontotal.press\/index.php\/wp-json\/wp\/v2\/posts\/18147\/revisions"}],"predecessor-version":[{"id":18149,"href":"https:\/\/conexiontotal.press\/index.php\/wp-json\/wp\/v2\/posts\/18147\/revisions\/18149"}],"wp:featuredmedia":[{"embeddable":true,"href":"https:\/\/conexiontotal.press\/index.php\/wp-json\/wp\/v2\/media\/18148"}],"wp:attachment":[{"href":"https:\/\/conexiontotal.press\/index.php\/wp-json\/wp\/v2\/media?parent=18147"}],"wp:term":[{"taxonomy":"category","embeddable":true,"href":"https:\/\/conexiontotal.press\/index.php\/wp-json\/wp\/v2\/categories?post=18147"},{"taxonomy":"post_tag","embeddable":true,"href":"https:\/\/conexiontotal.press\/index.php\/wp-json\/wp\/v2\/tags?post=18147"}],"curies":[{"name":"wp","href":"https:\/\/api.w.org\/{rel}","templated":true}]}}