{"id":18153,"date":"2024-11-20T08:33:48","date_gmt":"2024-11-20T14:33:48","guid":{"rendered":"https:\/\/conexiontotal.press\/?p=18153"},"modified":"2024-11-25T08:33:53","modified_gmt":"2024-11-25T14:33:53","slug":"seguridad-no-ha-sido-rebasada-americo-villarreal","status":"publish","type":"post","link":"https:\/\/conexiontotal.press\/index.php\/2024\/11\/20\/seguridad-no-ha-sido-rebasada-americo-villarreal\/","title":{"rendered":"Seguridad no ha sido rebasada: Am\u00e9rico Villarreal"},"content":{"rendered":"<p data-reader-unique-id=\"1\"><strong data-reader-unique-id=\"2\">Ciudad Victoria, Tamaulipas.- <\/strong>Am\u00e9rico Villarreal Anaya, encabez\u00f3 el desfile del 114 aniversario de la Revoluci\u00f3n Mexicana en esta ciudad, donde anunci\u00f3 que ser\u00e1 incrementada la capacidad de fuego de la Guardia Estatal en calibres y armas de protecci\u00f3n en coordinaci\u00f3n con la Secretar\u00eda de la Defensa Nacional.<\/p>\n<p data-reader-unique-id=\"3\">Dijo que de ninguna manera ha sido rebasada la seguridad en Tamaulipas, esto despu\u00e9s de que ayer murieron en enfrentamientos con grupos delincuenciales 2 elementos de la corporaci\u00f3n estatal en de San Fernando, sumando a la fecha 24 los polic\u00edas ca\u00eddos en cumplimiento de su deber durante la presente administraci\u00f3n.<\/p>\n<p data-reader-unique-id=\"4\">\u201cLos enfrentamientos que ha habido, lamentablemente tambi\u00e9n p\u00e9rdidas de elementos de la Guardia Estatal y heridos en la condici\u00f3n de estar queriendo contener est\u00e1s circunstancias de presencia de grupos delincuenciales que est\u00e1n atentando contra las carreteras federales y en enfrentamientos entre ellos que se han recrudecido\u201d, se\u00f1al\u00f3.<\/p>\n<p data-reader-unique-id=\"5\">El mandatario tamaulipeco, precis\u00f3 que seg\u00fan las circunstancias que informan las fuerzas de seguridad, dos grupos delincuenciales rivales, est\u00e1n disput\u00e1ndose la presencia en dicha regi\u00f3n, de ah\u00ed el aumento de los enfrentamientos.<\/p>\n<p data-reader-unique-id=\"6\">Villarreal Anaya, dijo que, hasta este momento se encuentra la presencia de la Guardia Estatal con todos sus elementos en la regi\u00f3n en compa\u00f1\u00eda de la SEDENA y de la Guardia Nacional haciendo operativos para reforzar la presencia en la zona.<\/p>\n<p data-reader-unique-id=\"7\">\u201cNos duele cada p\u00e9rdida de vidas, tambi\u00e9n en relaci\u00f3n con nuestros compa\u00f1eros del Ej\u00e9rcito en donde tambi\u00e9n ha habido bajas y sobre todo el enfrentamiento y la movilidad que tiene en los diferentes pol\u00edgonos la Guardia Estatal es donde hemos tenido este\u201d.<\/p>\n<p data-reader-unique-id=\"8\">Subray\u00f3 que siguen en el trabajo de capacitaci\u00f3n, entrenamiento e inteligencia y en la mejora del equipamiento y tecnolog\u00eda para responder mejor a este tipo de situaciones.<\/p>\n<p data-reader-unique-id=\"9\">\u201cHab\u00edamos tenido condiciones de relativa calma y una buena progresi\u00f3n en nuestros indicadores de seguridad, pero de repente hay estas circunstancias que incrementan la rivalidad de estos grupos delincuenciales y en la oportunidad de contenerlos se dan estos enfrentamientos\u201d, agreg\u00f3.<\/p>\n<p data-reader-unique-id=\"10\">En entrevista, el Jefe del Ejecutivo Estatal, cit\u00f3 el trabajo que se realiza en materia de construcci\u00f3n de proyectos de infraestructura, equipamiento de la polic\u00eda con m\u00e1s tecnolog\u00eda, equipos de mayor blindaje y capacidad de fuego para enfrentar la misma que en este caso tienen los grupos delincuenciales.<\/p>\n<p data-reader-unique-id=\"11\">Lo anterior, tras los enfrentamientos que se han registrado en los \u00faltimos d\u00edas en municipios como San Fernando, Cruillas y M\u00e9ndez, que entre otras cosas ameritaron la suspensi\u00f3n de este tipo de ceremonias c\u00edvicas para no poner en riesgo a la poblaci\u00f3n civil.<\/p>\n<p data-reader-unique-id=\"12\">\u201cEstamos reforzando la seguridad con una mayor presencia de elementos activos; es consecuencia de ello los enfrentamientos, lamentablemente tenemos p\u00e9rdida de elementos de la Guardia Estatal y heridos, en la condici\u00f3n de querer contener las circunstancias y presencia de grupos delincuenciales que est\u00e1n atentando contra la vialidad en carreteras federales y por ello, el enfrentamiento entre ellos se ha recrudecido\u201d, explic\u00f3.<\/p>\n","protected":false},"excerpt":{"rendered":"<p>Ciudad Victoria, Tamaulipas.- Am\u00e9rico Villarreal Anaya, encabez\u00f3 el desfile del 114 aniversario de la Revoluci\u00f3n Mexicana en esta ciudad, donde anunci\u00f3 que ser\u00e1 incrementada la capacidad de fuego de la Guardia Estatal en calibres y armas de protecci\u00f3n en coordinaci\u00f3n con la Secretar\u00eda de la Defensa Nacional. Dijo que de ninguna manera ha sido rebasada [&hellip;]<\/p>\n","protected":false},"author":4,"featured_media":18154,"comment_status":"closed","ping_status":"closed","sticky":false,"template":"","format":"standard","meta":{"footnotes":""},"categories":[3],"tags":[],"class_list":["post-18153","post","type-post","status-publish","format-standard","has-post-thumbnail","hentry","category-victoria"],"_links":{"self":[{"href":"https:\/\/conexiontotal.press\/index.php\/wp-json\/wp\/v2\/posts\/18153","targetHints":{"allow":["GET"]}}],"collection":[{"href":"https:\/\/conexiontotal.press\/index.php\/wp-json\/wp\/v2\/posts"}],"about":[{"href":"https:\/\/conexiontotal.press\/index.php\/wp-json\/wp\/v2\/types\/post"}],"author":[{"embeddable":true,"href":"https:\/\/conexiontotal.press\/index.php\/wp-json\/wp\/v2\/users\/4"}],"replies":[{"embeddable":true,"href":"https:\/\/conexiontotal.press\/index.php\/wp-json\/wp\/v2\/comments?post=18153"}],"version-history":[{"count":1,"href":"https:\/\/conexiontotal.press\/index.php\/wp-json\/wp\/v2\/posts\/18153\/revisions"}],"predecessor-version":[{"id":18155,"href":"https:\/\/conexiontotal.press\/index.php\/wp-json\/wp\/v2\/posts\/18153\/revisions\/18155"}],"wp:featuredmedia":[{"embeddable":true,"href":"https:\/\/conexiontotal.press\/index.php\/wp-json\/wp\/v2\/media\/18154"}],"wp:attachment":[{"href":"https:\/\/conexiontotal.press\/index.php\/wp-json\/wp\/v2\/media?parent=18153"}],"wp:term":[{"taxonomy":"category","embeddable":true,"href":"https:\/\/conexiontotal.press\/index.php\/wp-json\/wp\/v2\/categories?post=18153"},{"taxonomy":"post_tag","embeddable":true,"href":"https:\/\/conexiontotal.press\/index.php\/wp-json\/wp\/v2\/tags?post=18153"}],"curies":[{"name":"wp","href":"https:\/\/api.w.org\/{rel}","templated":true}]}}