{"id":18165,"date":"2024-11-07T09:17:45","date_gmt":"2024-11-07T15:17:45","guid":{"rendered":"https:\/\/conexiontotal.press\/?p=18165"},"modified":"2024-11-25T09:17:50","modified_gmt":"2024-11-25T15:17:50","slug":"propone-americo-reforma-al-poder-judicial","status":"publish","type":"post","link":"https:\/\/conexiontotal.press\/index.php\/2024\/11\/07\/propone-americo-reforma-al-poder-judicial\/","title":{"rendered":"Propone Am\u00e9rico reforma al Poder Judicial"},"content":{"rendered":"<p><strong>Ciudad Victoria, Tamaulipas.-<\/strong> El Congreso de Tamaulipas dio entrada a la iniciativa para reformar el Poder Judicial y llamar a elegir en las urnas y con el voto popular a los Magistrados y Jueces, el primer domingo del mes de junio del 2025.<\/p>\n<p>Con esta reforma, se va disolver el Consejo de la Judicatura del Supremo Tribunal de Justicia y se crea el Tribunal de Disciplina Judicial y el \u00d3rgano de Administraci\u00f3n Judicial.<\/p>\n<p>De esta manera, se armoniza la Constituci\u00f3n del estado y posteriormente la legislaci\u00f3n secundaria a la reforma federal en materia del Poder Judicial<\/p>\n<p>Los diputados de Tamaulipas, dieron entrada a esta iniciativa con proyecto de Decreto por el que se reforma y derogan, diversas disposiciones de la Constituci\u00f3n Pol\u00edtica del Estado de Tamaulipas en materia de reforma al Poder Judicial con 24 votos a favor y 8 votos en contra; la iniciativa del Poder Ejecutivo ser\u00e1 analizada y dictaminada a la Comisi\u00f3n de Puntos Constitucionales.<\/p>\n<p>Dentro de la iniciativa que propone el gobernador Am\u00e9rico Villarreal Anaya, hace una exposici\u00f3n de entrada, sobre la reforma al Poder Judicial de la Federaci\u00f3n y justifica que esta, no debilita por el contrario, fortalece a este poder con la legitimaci\u00f3n popular y se cierra la brecha sist\u00e9mica que se hab\u00eda creado entre dicho poder y la sociedad. Sin pasar por alto los actos de corrupci\u00f3n que se impregnaron en este Poder.<\/p>\n<p>\u201cEn el caso de nuestra entidad federativa, los referidos vicios se han reproducido tambi\u00e9n en el Supremo Tribunal de Justicia de Tamaulipas y en su Consejo de la Judicatura, siendo necesario dar paso a una nueva generaci\u00f3n de personas juzgadoras electas por el pueblo\u201d.<\/p>\n<p>Se propone que en el Proceso Electoral Extraordinario 2024-2025 se elijan por voto popular, la totalidad de los Magistrados y Magistradas del Pleno del Supremo Tribunal de Justicia de N\u00famero.<\/p>\n<p>Adem\u00e1s de la Magistratura Supernumeraria; la totalidad de las Magistradas y los Magistrados del Tribunal de Disciplina Judicial;la totalidad de las Magistradas y los Magistrados Regionales y la totalidad de las Juezas y los Jueces de Primera Instancia y las Juezas y los Jueces Menores.<\/p>\n","protected":false},"excerpt":{"rendered":"<p>Ciudad Victoria, Tamaulipas.- El Congreso de Tamaulipas dio entrada a la iniciativa para reformar el Poder Judicial y llamar a elegir en las urnas y con el voto popular a los Magistrados y Jueces, el primer domingo del mes de junio del 2025. Con esta reforma, se va disolver el Consejo de la Judicatura del [&hellip;]<\/p>\n","protected":false},"author":4,"featured_media":18166,"comment_status":"closed","ping_status":"closed","sticky":false,"template":"","format":"standard","meta":{"footnotes":""},"categories":[3],"tags":[],"class_list":["post-18165","post","type-post","status-publish","format-standard","has-post-thumbnail","hentry","category-victoria"],"_links":{"self":[{"href":"https:\/\/conexiontotal.press\/index.php\/wp-json\/wp\/v2\/posts\/18165","targetHints":{"allow":["GET"]}}],"collection":[{"href":"https:\/\/conexiontotal.press\/index.php\/wp-json\/wp\/v2\/posts"}],"about":[{"href":"https:\/\/conexiontotal.press\/index.php\/wp-json\/wp\/v2\/types\/post"}],"author":[{"embeddable":true,"href":"https:\/\/conexiontotal.press\/index.php\/wp-json\/wp\/v2\/users\/4"}],"replies":[{"embeddable":true,"href":"https:\/\/conexiontotal.press\/index.php\/wp-json\/wp\/v2\/comments?post=18165"}],"version-history":[{"count":1,"href":"https:\/\/conexiontotal.press\/index.php\/wp-json\/wp\/v2\/posts\/18165\/revisions"}],"predecessor-version":[{"id":18167,"href":"https:\/\/conexiontotal.press\/index.php\/wp-json\/wp\/v2\/posts\/18165\/revisions\/18167"}],"wp:featuredmedia":[{"embeddable":true,"href":"https:\/\/conexiontotal.press\/index.php\/wp-json\/wp\/v2\/media\/18166"}],"wp:attachment":[{"href":"https:\/\/conexiontotal.press\/index.php\/wp-json\/wp\/v2\/media?parent=18165"}],"wp:term":[{"taxonomy":"category","embeddable":true,"href":"https:\/\/conexiontotal.press\/index.php\/wp-json\/wp\/v2\/categories?post=18165"},{"taxonomy":"post_tag","embeddable":true,"href":"https:\/\/conexiontotal.press\/index.php\/wp-json\/wp\/v2\/tags?post=18165"}],"curies":[{"name":"wp","href":"https:\/\/api.w.org\/{rel}","templated":true}]}}