{"id":18235,"date":"2024-11-19T08:32:36","date_gmt":"2024-11-19T14:32:36","guid":{"rendered":"https:\/\/conexiontotal.press\/?p=18235"},"modified":"2024-12-02T08:32:55","modified_gmt":"2024-12-02T14:32:55","slug":"celebra-la-uat-68-aniversario-de-la-facultad-de-comercio-nuevo-laredo","status":"publish","type":"post","link":"https:\/\/conexiontotal.press\/index.php\/2024\/11\/19\/celebra-la-uat-68-aniversario-de-la-facultad-de-comercio-nuevo-laredo\/","title":{"rendered":"Celebra la UAT 68 aniversario de la Facultad de Comercio Nuevo Laredo\u00a0"},"content":{"rendered":"<p>En un marco de fiesta y convivencia universitaria, la Facultad de Comercio, Administraci\u00f3n y Ciencias Sociales Nuevo Laredo (FCACS) de la Universidad Aut\u00f3noma de Tamaulipas (UAT) llev\u00f3 a cabo los festejos del 68 aniversario de su fundaci\u00f3n.<\/p>\n<p>El rector de la UAT, D\u00e1maso Anaya Alvarado, junto con su esposa, Isolda Rend\u00f3n de Anaya, presidenta de Familia UAT, estuvieron en el evento conmemorativo de Celebraci\u00f3n, Compromiso y Unidad organizado por el plantel universitario en esta ciudad fronteriza.<\/p>\n<p>En el desarrollo de las actividades, el rector D\u00e1maso Anaya felicit\u00f3 al director Ren\u00e9 Adri\u00e1n Salinas Salinas y a toda la comunidad universitaria por celebrar este importante acontecimiento que destaca el compromiso social y humanista que define a la Facultad de Comercio, Administraci\u00f3n y Ciencias Sociales.<\/p>\n<p>El evento de aniversario se desarroll\u00f3 a trav\u00e9s de un programa de actividades con causa que lograron recaudar m\u00e1s de 500 juguetes donados por universitarios y la comunidad en general para beneficiar a la ni\u00f1ez neolaredense en situaci\u00f3n vulnerable.<\/p>\n<p>En ese contexto, el director de la facultad, Ren\u00e9 Adri\u00e1n Salinas, destac\u00f3 que este acto solidario reafirma la misi\u00f3n universitaria a la que ha convocado el rector D\u00e1maso Anaya para contribuir activamente al bienestar social.<\/p>\n<p>De igual manera, se hizo un recorrido por los diferentes espacios de convivencia, que reuni\u00f3 la participaci\u00f3n de estudiantes, docentes y personal administrativo en un ambiente de tradici\u00f3n, alegr\u00eda y valores.<\/p>\n<p>El rector D\u00e1maso Anaya Alvarado disfrut\u00f3 de cada momento del evento, participando activamente y conviviendo de manera cercana con estudiantes, maestros y familias, en un encuentro que fortaleci\u00f3 los valores de solidaridad y unidad que caracterizan a la instituci\u00f3n.<\/p>\n<p>El evento cont\u00f3 con la presencia del director de la Preparatoria UAT Nuevo Laredo, C\u00e9sar Eugenio Hern\u00e1ndez Ancona; del director de la Facultad de Ingenier\u00eda Tampico, Roberto Pichardo Ram\u00edrez; y del Lic. Mario Palos Garza, destacado empresario egresado de la Facultad de Comercio de Nuevo Laredo; entre otras autoridades e invitados especiales.<\/p>\n<p>&nbsp;<\/p>\n","protected":false},"excerpt":{"rendered":"<p>En un marco de fiesta y convivencia universitaria, la Facultad de Comercio, Administraci\u00f3n y Ciencias Sociales Nuevo Laredo (FCACS) de la Universidad Aut\u00f3noma de Tamaulipas (UAT) llev\u00f3 a cabo los festejos del 68 aniversario de su fundaci\u00f3n. El rector de la UAT, D\u00e1maso Anaya Alvarado, junto con su esposa, Isolda Rend\u00f3n de Anaya, presidenta de [&hellip;]<\/p>\n","protected":false},"author":4,"featured_media":18236,"comment_status":"closed","ping_status":"closed","sticky":false,"template":"","format":"standard","meta":{"footnotes":""},"categories":[20],"tags":[],"class_list":["post-18235","post","type-post","status-publish","format-standard","has-post-thumbnail","hentry","category-frontera"],"_links":{"self":[{"href":"https:\/\/conexiontotal.press\/index.php\/wp-json\/wp\/v2\/posts\/18235","targetHints":{"allow":["GET"]}}],"collection":[{"href":"https:\/\/conexiontotal.press\/index.php\/wp-json\/wp\/v2\/posts"}],"about":[{"href":"https:\/\/conexiontotal.press\/index.php\/wp-json\/wp\/v2\/types\/post"}],"author":[{"embeddable":true,"href":"https:\/\/conexiontotal.press\/index.php\/wp-json\/wp\/v2\/users\/4"}],"replies":[{"embeddable":true,"href":"https:\/\/conexiontotal.press\/index.php\/wp-json\/wp\/v2\/comments?post=18235"}],"version-history":[{"count":1,"href":"https:\/\/conexiontotal.press\/index.php\/wp-json\/wp\/v2\/posts\/18235\/revisions"}],"predecessor-version":[{"id":18237,"href":"https:\/\/conexiontotal.press\/index.php\/wp-json\/wp\/v2\/posts\/18235\/revisions\/18237"}],"wp:featuredmedia":[{"embeddable":true,"href":"https:\/\/conexiontotal.press\/index.php\/wp-json\/wp\/v2\/media\/18236"}],"wp:attachment":[{"href":"https:\/\/conexiontotal.press\/index.php\/wp-json\/wp\/v2\/media?parent=18235"}],"wp:term":[{"taxonomy":"category","embeddable":true,"href":"https:\/\/conexiontotal.press\/index.php\/wp-json\/wp\/v2\/categories?post=18235"},{"taxonomy":"post_tag","embeddable":true,"href":"https:\/\/conexiontotal.press\/index.php\/wp-json\/wp\/v2\/tags?post=18235"}],"curies":[{"name":"wp","href":"https:\/\/api.w.org\/{rel}","templated":true}]}}